{"id":16588,"date":"2019-08-20T07:34:10","date_gmt":"2019-08-20T07:34:10","guid":{"rendered":"http:\/\/www.kic-gospic.eu\/?p=16588"},"modified":"2019-08-20T07:34:10","modified_gmt":"2019-08-20T07:34:10","slug":"na-drugom-koncertu-ovogodisnjeg-grocks-a-13-srpnja-od-22-sata-nastupaju-barbara-munjas-i-tbf","status":"publish","type":"post","link":"https:\/\/kic-gospic.eu\/novo\/na-drugom-koncertu-ovogodisnjeg-grocks-a-13-srpnja-od-22-sata-nastupaju-barbara-munjas-i-tbf\/","title":{"rendered":"Na drugom koncertu ovogodi\u0161njeg GROCKS-a 13.srpnja od 22 sata nastupaju Barbara Munjas i TBF"},"content":{"rendered":"<p>GOSPI\u0106- U subotu 13. srpnja vrijeme je za drugi koncert ovogodi\u0161njeg GROCKS-a. Od 22 sata nastupit \u0107e Barbara Munjas. Barbara je\u00a0 glazbenica iz Istre\u00a0 koja je \u0161iroj javnosti postala poznata kao \u010dlanica grupe Gustafi. Sada se posvetila\u00a0 samostalnoj glazbenoj karijeri. Njena glazba je kombinacija indie\/pop-a i art-rock-a.<\/p>\n<p>Zvijezde subotnje ve\u010deri su splitska grupa TBF, \u00a0\u0161to je skra\u0107enica od imena grupe The beat fleet. TBF je glazbeni sastav nastao 1990. godine u Splitu. Skupina je zapo\u010dela kao standardni hip hop\/trip hop sastav, da bi daljnjim radom\u00a0razvili\u00a0 vlastiti glazbeni izri\u010daj. U godinama svog postojanja objavili su brojne hitove omiljene \u0161iroj publici.<\/p>\n<p>Ulaz na GROCKS je besplatan, koncerti \u0107e se odr\u017eati u Atriju KIC-a s po\u010detkom uz 22 sata.<\/p>\n<p>&nbsp;<\/p>\n","protected":false},"excerpt":{"rendered":"<p>GOSPI\u0106- U subotu 13. srpnja vrijeme je za drugi koncert ovogodi\u0161njeg GROCKS-a. Od 22 sata nastupit \u0107e Barbara Munjas. Barbara je\u00a0 glazbenica iz Istre\u00a0 koja je \u0161iroj javnosti postala poznata kao \u010dlanica grupe Gustafi. Sada se posvetila\u00a0 samostalnoj glazbenoj karijeri. Njena glazba je kombinacija indie\/pop-a i art-rock-a. Zvijezde subotnje ve\u010deri su splitska grupa TBF, \u00a0\u0161to [&hellip;]<\/p>\n","protected":false},"author":6,"featured_media":16589,"comment_status":"closed","ping_status":"closed","sticky":false,"template":"","format":"standard","meta":{"footnotes":""},"categories":[13],"tags":[],"acf":[],"yoast_head":"<!-- This site is optimized with the Yoast SEO plugin v21.5 - https:\/\/yoast.com\/wordpress\/plugins\/seo\/ -->\n<title>Na drugom koncertu ovogodi\u0161njeg GROCKS-a 13.srpnja od 22 sata nastupaju Barbara Munjas i TBF | Kulturno Informativni Centar Gospi\u0107<\/title>\n<meta name=\"robots\" content=\"index, follow, max-snippet:-1, max-image-preview:large, max-video-preview:-1\" \/>\n<link rel=\"canonical\" href=\"https:\/\/kic-gospic.eu\/novo\/na-drugom-koncertu-ovogodisnjeg-grocks-a-13-srpnja-od-22-sata-nastupaju-barbara-munjas-i-tbf\/\" \/>\n<meta property=\"og:locale\" content=\"en_US\" \/>\n<meta property=\"og:type\" content=\"article\" \/>\n<meta property=\"og:title\" content=\"Na drugom koncertu ovogodi\u0161njeg GROCKS-a 13.srpnja od 22 sata nastupaju Barbara Munjas i TBF | Kulturno Informativni Centar Gospi\u0107\" \/>\n<meta property=\"og:description\" content=\"GOSPI\u0106- U subotu 13. srpnja vrijeme je za drugi koncert ovogodi\u0161njeg GROCKS-a. Od 22 sata nastupit \u0107e Barbara Munjas. Barbara je\u00a0 glazbenica iz Istre\u00a0 koja je \u0161iroj javnosti postala poznata kao \u010dlanica grupe Gustafi. Sada se posvetila\u00a0 samostalnoj glazbenoj karijeri. Njena glazba je kombinacija indie\/pop-a i art-rock-a. Zvijezde subotnje ve\u010deri su splitska grupa TBF, \u00a0\u0161to [&hellip;]\" \/>\n<meta property=\"og:url\" content=\"https:\/\/kic-gospic.eu\/novo\/na-drugom-koncertu-ovogodisnjeg-grocks-a-13-srpnja-od-22-sata-nastupaju-barbara-munjas-i-tbf\/\" \/>\n<meta property=\"og:site_name\" content=\"Kulturno Informativni Centar Gospi\u0107\" \/>\n<meta property=\"article:publisher\" content=\"https:\/\/www.facebook.com\/kicgospic\/\" \/>\n<meta property=\"article:published_time\" content=\"2019-08-20T07:34:10+00:00\" \/>\n<meta property=\"og:image\" content=\"https:\/\/kic-gospic.eu\/novo\/wp-content\/uploads\/2019\/08\/TBF-450x330.jpg\" \/>\n\t<meta property=\"og:image:width\" content=\"450\" \/>\n\t<meta property=\"og:image:height\" content=\"330\" \/>\n\t<meta property=\"og:image:type\" content=\"image\/jpeg\" \/>\n<meta name=\"author\" content=\"Ivana Dundy\" \/>\n<meta name=\"twitter:card\" content=\"summary_large_image\" \/>\n<meta name=\"twitter:label1\" content=\"Written by\" \/>\n\t<meta name=\"twitter:data1\" content=\"Ivana Dundy\" \/>\n\t<meta name=\"twitter:label2\" content=\"Est. reading time\" \/>\n\t<meta name=\"twitter:data2\" content=\"1 minute\" \/>\n<script type=\"application\/ld+json\" class=\"yoast-schema-graph\">{\"@context\":\"https:\/\/schema.org\",\"@graph\":[{\"@type\":\"Article\",\"@id\":\"https:\/\/kic-gospic.eu\/novo\/na-drugom-koncertu-ovogodisnjeg-grocks-a-13-srpnja-od-22-sata-nastupaju-barbara-munjas-i-tbf\/#article\",\"isPartOf\":{\"@id\":\"https:\/\/kic-gospic.eu\/novo\/na-drugom-koncertu-ovogodisnjeg-grocks-a-13-srpnja-od-22-sata-nastupaju-barbara-munjas-i-tbf\/\"},\"author\":{\"name\":\"Ivana Dundy\",\"@id\":\"https:\/\/kic-gospic.eu\/novo\/#\/schema\/person\/5a026836b7b049564f8f2145f7753d3a\"},\"headline\":\"Na drugom koncertu ovogodi\u0161njeg GROCKS-a 13.srpnja od 22 sata nastupaju Barbara Munjas i TBF\",\"datePublished\":\"2019-08-20T07:34:10+00:00\",\"dateModified\":\"2019-08-20T07:34:10+00:00\",\"mainEntityOfPage\":{\"@id\":\"https:\/\/kic-gospic.eu\/novo\/na-drugom-koncertu-ovogodisnjeg-grocks-a-13-srpnja-od-22-sata-nastupaju-barbara-munjas-i-tbf\/\"},\"wordCount\":138,\"publisher\":{\"@id\":\"https:\/\/kic-gospic.eu\/novo\/#organization\"},\"articleSection\":[\"Izdvojeno\"],\"inLanguage\":\"en-US\"},{\"@type\":\"WebPage\",\"@id\":\"https:\/\/kic-gospic.eu\/novo\/na-drugom-koncertu-ovogodisnjeg-grocks-a-13-srpnja-od-22-sata-nastupaju-barbara-munjas-i-tbf\/\",\"url\":\"https:\/\/kic-gospic.eu\/novo\/na-drugom-koncertu-ovogodisnjeg-grocks-a-13-srpnja-od-22-sata-nastupaju-barbara-munjas-i-tbf\/\",\"name\":\"Na drugom koncertu ovogodi\u0161njeg GROCKS-a 13.srpnja od 22 sata nastupaju Barbara Munjas i TBF | Kulturno Informativni Centar Gospi\u0107\",\"isPartOf\":{\"@id\":\"https:\/\/kic-gospic.eu\/novo\/#website\"},\"datePublished\":\"2019-08-20T07:34:10+00:00\",\"dateModified\":\"2019-08-20T07:34:10+00:00\",\"breadcrumb\":{\"@id\":\"https:\/\/kic-gospic.eu\/novo\/na-drugom-koncertu-ovogodisnjeg-grocks-a-13-srpnja-od-22-sata-nastupaju-barbara-munjas-i-tbf\/#breadcrumb\"},\"inLanguage\":\"en-US\",\"potentialAction\":[{\"@type\":\"ReadAction\",\"target\":[\"https:\/\/kic-gospic.eu\/novo\/na-drugom-koncertu-ovogodisnjeg-grocks-a-13-srpnja-od-22-sata-nastupaju-barbara-munjas-i-tbf\/\"]}]},{\"@type\":\"BreadcrumbList\",\"@id\":\"https:\/\/kic-gospic.eu\/novo\/na-drugom-koncertu-ovogodisnjeg-grocks-a-13-srpnja-od-22-sata-nastupaju-barbara-munjas-i-tbf\/#breadcrumb\",\"itemListElement\":[{\"@type\":\"ListItem\",\"position\":1,\"name\":\"Home\",\"item\":\"https:\/\/kic-gospic.eu\/novo\/\"},{\"@type\":\"ListItem\",\"position\":2,\"name\":\"Na drugom koncertu ovogodi\u0161njeg GROCKS-a 13.srpnja od 22 sata nastupaju Barbara Munjas i TBF\"}]},{\"@type\":\"WebSite\",\"@id\":\"https:\/\/kic-gospic.eu\/novo\/#website\",\"url\":\"https:\/\/kic-gospic.eu\/novo\/\",\"name\":\"Kulturno Informativni Centar Gospi\u0107\",\"description\":\"\",\"publisher\":{\"@id\":\"https:\/\/kic-gospic.eu\/novo\/#organization\"},\"potentialAction\":[{\"@type\":\"SearchAction\",\"target\":{\"@type\":\"EntryPoint\",\"urlTemplate\":\"https:\/\/kic-gospic.eu\/novo\/?s={search_term_string}\"},\"query-input\":\"required name=search_term_string\"}],\"inLanguage\":\"en-US\"},{\"@type\":\"Organization\",\"@id\":\"https:\/\/kic-gospic.eu\/novo\/#organization\",\"name\":\"Kulturno Informativni Centar\",\"url\":\"https:\/\/kic-gospic.eu\/novo\/\",\"logo\":{\"@type\":\"ImageObject\",\"inLanguage\":\"en-US\",\"@id\":\"https:\/\/kic-gospic.eu\/novo\/#\/schema\/logo\/image\/\",\"url\":\"http:\/\/www.kic-gospic.eu\/wp-content\/uploads\/2017\/02\/kic-gospic-logo.jpg\",\"contentUrl\":\"http:\/\/www.kic-gospic.eu\/wp-content\/uploads\/2017\/02\/kic-gospic-logo.jpg\",\"width\":150,\"height\":150,\"caption\":\"Kulturno Informativni Centar\"},\"image\":{\"@id\":\"https:\/\/kic-gospic.eu\/novo\/#\/schema\/logo\/image\/\"},\"sameAs\":[\"https:\/\/www.facebook.com\/kicgospic\/\"]},{\"@type\":\"Person\",\"@id\":\"https:\/\/kic-gospic.eu\/novo\/#\/schema\/person\/5a026836b7b049564f8f2145f7753d3a\",\"name\":\"Ivana Dundy\",\"image\":{\"@type\":\"ImageObject\",\"inLanguage\":\"en-US\",\"@id\":\"https:\/\/kic-gospic.eu\/novo\/#\/schema\/person\/image\/\",\"url\":\"https:\/\/secure.gravatar.com\/avatar\/4207623458b594a3c15cc3fd7becaa98?s=96&d=mm&r=g\",\"contentUrl\":\"https:\/\/secure.gravatar.com\/avatar\/4207623458b594a3c15cc3fd7becaa98?s=96&d=mm&r=g\",\"caption\":\"Ivana Dundy\"},\"url\":\"https:\/\/kic-gospic.eu\/novo\/author\/ivanad1\/\"}]}<\/script>\n<!-- \/ Yoast SEO plugin. -->","yoast_head_json":{"title":"Na drugom koncertu ovogodi\u0161njeg GROCKS-a 13.srpnja od 22 sata nastupaju Barbara Munjas i TBF | Kulturno Informativni Centar Gospi\u0107","robots":{"index":"index","follow":"follow","max-snippet":"max-snippet:-1","max-image-preview":"max-image-preview:large","max-video-preview":"max-video-preview:-1"},"canonical":"https:\/\/kic-gospic.eu\/novo\/na-drugom-koncertu-ovogodisnjeg-grocks-a-13-srpnja-od-22-sata-nastupaju-barbara-munjas-i-tbf\/","og_locale":"en_US","og_type":"article","og_title":"Na drugom koncertu ovogodi\u0161njeg GROCKS-a 13.srpnja od 22 sata nastupaju Barbara Munjas i TBF | Kulturno Informativni Centar Gospi\u0107","og_description":"GOSPI\u0106- U subotu 13. srpnja vrijeme je za drugi koncert ovogodi\u0161njeg GROCKS-a. Od 22 sata nastupit \u0107e Barbara Munjas. Barbara je\u00a0 glazbenica iz Istre\u00a0 koja je \u0161iroj javnosti postala poznata kao \u010dlanica grupe Gustafi. Sada se posvetila\u00a0 samostalnoj glazbenoj karijeri. Njena glazba je kombinacija indie\/pop-a i art-rock-a. Zvijezde subotnje ve\u010deri su splitska grupa TBF, \u00a0\u0161to [&hellip;]","og_url":"https:\/\/kic-gospic.eu\/novo\/na-drugom-koncertu-ovogodisnjeg-grocks-a-13-srpnja-od-22-sata-nastupaju-barbara-munjas-i-tbf\/","og_site_name":"Kulturno Informativni Centar Gospi\u0107","article_publisher":"https:\/\/www.facebook.com\/kicgospic\/","article_published_time":"2019-08-20T07:34:10+00:00","og_image":[{"width":450,"height":330,"url":"https:\/\/kic-gospic.eu\/novo\/wp-content\/uploads\/2019\/08\/TBF-450x330.jpg","type":"image\/jpeg"}],"author":"Ivana Dundy","twitter_card":"summary_large_image","twitter_misc":{"Written by":"Ivana Dundy","Est. reading time":"1 minute"},"schema":{"@context":"https:\/\/schema.org","@graph":[{"@type":"Article","@id":"https:\/\/kic-gospic.eu\/novo\/na-drugom-koncertu-ovogodisnjeg-grocks-a-13-srpnja-od-22-sata-nastupaju-barbara-munjas-i-tbf\/#article","isPartOf":{"@id":"https:\/\/kic-gospic.eu\/novo\/na-drugom-koncertu-ovogodisnjeg-grocks-a-13-srpnja-od-22-sata-nastupaju-barbara-munjas-i-tbf\/"},"author":{"name":"Ivana Dundy","@id":"https:\/\/kic-gospic.eu\/novo\/#\/schema\/person\/5a026836b7b049564f8f2145f7753d3a"},"headline":"Na drugom koncertu ovogodi\u0161njeg GROCKS-a 13.srpnja od 22 sata nastupaju Barbara Munjas i TBF","datePublished":"2019-08-20T07:34:10+00:00","dateModified":"2019-08-20T07:34:10+00:00","mainEntityOfPage":{"@id":"https:\/\/kic-gospic.eu\/novo\/na-drugom-koncertu-ovogodisnjeg-grocks-a-13-srpnja-od-22-sata-nastupaju-barbara-munjas-i-tbf\/"},"wordCount":138,"publisher":{"@id":"https:\/\/kic-gospic.eu\/novo\/#organization"},"articleSection":["Izdvojeno"],"inLanguage":"en-US"},{"@type":"WebPage","@id":"https:\/\/kic-gospic.eu\/novo\/na-drugom-koncertu-ovogodisnjeg-grocks-a-13-srpnja-od-22-sata-nastupaju-barbara-munjas-i-tbf\/","url":"https:\/\/kic-gospic.eu\/novo\/na-drugom-koncertu-ovogodisnjeg-grocks-a-13-srpnja-od-22-sata-nastupaju-barbara-munjas-i-tbf\/","name":"Na drugom koncertu ovogodi\u0161njeg GROCKS-a 13.srpnja od 22 sata nastupaju Barbara Munjas i TBF | Kulturno Informativni Centar Gospi\u0107","isPartOf":{"@id":"https:\/\/kic-gospic.eu\/novo\/#website"},"datePublished":"2019-08-20T07:34:10+00:00","dateModified":"2019-08-20T07:34:10+00:00","breadcrumb":{"@id":"https:\/\/kic-gospic.eu\/novo\/na-drugom-koncertu-ovogodisnjeg-grocks-a-13-srpnja-od-22-sata-nastupaju-barbara-munjas-i-tbf\/#breadcrumb"},"inLanguage":"en-US","potentialAction":[{"@type":"ReadAction","target":["https:\/\/kic-gospic.eu\/novo\/na-drugom-koncertu-ovogodisnjeg-grocks-a-13-srpnja-od-22-sata-nastupaju-barbara-munjas-i-tbf\/"]}]},{"@type":"BreadcrumbList","@id":"https:\/\/kic-gospic.eu\/novo\/na-drugom-koncertu-ovogodisnjeg-grocks-a-13-srpnja-od-22-sata-nastupaju-barbara-munjas-i-tbf\/#breadcrumb","itemListElement":[{"@type":"ListItem","position":1,"name":"Home","item":"https:\/\/kic-gospic.eu\/novo\/"},{"@type":"ListItem","position":2,"name":"Na drugom koncertu ovogodi\u0161njeg GROCKS-a 13.srpnja od 22 sata nastupaju Barbara Munjas i TBF"}]},{"@type":"WebSite","@id":"https:\/\/kic-gospic.eu\/novo\/#website","url":"https:\/\/kic-gospic.eu\/novo\/","name":"Kulturno Informativni Centar Gospi\u0107","description":"","publisher":{"@id":"https:\/\/kic-gospic.eu\/novo\/#organization"},"potentialAction":[{"@type":"SearchAction","target":{"@type":"EntryPoint","urlTemplate":"https:\/\/kic-gospic.eu\/novo\/?s={search_term_string}"},"query-input":"required name=search_term_string"}],"inLanguage":"en-US"},{"@type":"Organization","@id":"https:\/\/kic-gospic.eu\/novo\/#organization","name":"Kulturno Informativni Centar","url":"https:\/\/kic-gospic.eu\/novo\/","logo":{"@type":"ImageObject","inLanguage":"en-US","@id":"https:\/\/kic-gospic.eu\/novo\/#\/schema\/logo\/image\/","url":"http:\/\/www.kic-gospic.eu\/wp-content\/uploads\/2017\/02\/kic-gospic-logo.jpg","contentUrl":"http:\/\/www.kic-gospic.eu\/wp-content\/uploads\/2017\/02\/kic-gospic-logo.jpg","width":150,"height":150,"caption":"Kulturno Informativni Centar"},"image":{"@id":"https:\/\/kic-gospic.eu\/novo\/#\/schema\/logo\/image\/"},"sameAs":["https:\/\/www.facebook.com\/kicgospic\/"]},{"@type":"Person","@id":"https:\/\/kic-gospic.eu\/novo\/#\/schema\/person\/5a026836b7b049564f8f2145f7753d3a","name":"Ivana Dundy","image":{"@type":"ImageObject","inLanguage":"en-US","@id":"https:\/\/kic-gospic.eu\/novo\/#\/schema\/person\/image\/","url":"https:\/\/secure.gravatar.com\/avatar\/4207623458b594a3c15cc3fd7becaa98?s=96&d=mm&r=g","contentUrl":"https:\/\/secure.gravatar.com\/avatar\/4207623458b594a3c15cc3fd7becaa98?s=96&d=mm&r=g","caption":"Ivana Dundy"},"url":"https:\/\/kic-gospic.eu\/novo\/author\/ivanad1\/"}]}},"_links":{"self":[{"href":"https:\/\/kic-gospic.eu\/novo\/wp-json\/wp\/v2\/posts\/16588"}],"collection":[{"href":"https:\/\/kic-gospic.eu\/novo\/wp-json\/wp\/v2\/posts"}],"about":[{"href":"https:\/\/kic-gospic.eu\/novo\/wp-json\/wp\/v2\/types\/post"}],"author":[{"embeddable":true,"href":"https:\/\/kic-gospic.eu\/novo\/wp-json\/wp\/v2\/users\/6"}],"replies":[{"embeddable":true,"href":"https:\/\/kic-gospic.eu\/novo\/wp-json\/wp\/v2\/comments?post=16588"}],"version-history":[{"count":1,"href":"https:\/\/kic-gospic.eu\/novo\/wp-json\/wp\/v2\/posts\/16588\/revisions"}],"predecessor-version":[{"id":16590,"href":"https:\/\/kic-gospic.eu\/novo\/wp-json\/wp\/v2\/posts\/16588\/revisions\/16590"}],"wp:featuredmedia":[{"embeddable":true,"href":"https:\/\/kic-gospic.eu\/novo\/wp-json\/wp\/v2\/media\/16589"}],"wp:attachment":[{"href":"https:\/\/kic-gospic.eu\/novo\/wp-json\/wp\/v2\/media?parent=16588"}],"wp:term":[{"taxonomy":"category","embeddable":true,"href":"https:\/\/kic-gospic.eu\/novo\/wp-json\/wp\/v2\/categories?post=16588"},{"taxonomy":"post_tag","embeddable":true,"href":"https:\/\/kic-gospic.eu\/novo\/wp-json\/wp\/v2\/tags?post=16588"}],"curies":[{"name":"wp","href":"https:\/\/api.w.org\/{rel}","templated":true}]}}