{"id":16893,"date":"2020-07-07T07:38:13","date_gmt":"2020-07-07T07:38:13","guid":{"rendered":"http:\/\/www.kic-gospic.eu\/?p=16893"},"modified":"2020-07-07T07:40:20","modified_gmt":"2020-07-07T07:40:20","slug":"grocks-2020-zapoceo-fenomenalnim-koncertom-crvene-jabuke-na-trgu-stjepana-radica","status":"publish","type":"post","link":"https:\/\/kic-gospic.eu\/novo\/grocks-2020-zapoceo-fenomenalnim-koncertom-crvene-jabuke-na-trgu-stjepana-radica\/","title":{"rendered":"GROCKS 2020. ZAPO\u010cEO FENOMENALNIM KONCERTOM CRVENE JABUKE NA TRGU STJEPANA RADI\u0106A"},"content":{"rendered":"<div><span style=\"color: #000000; font-family: georgia, palatino, serif;\">GOSPI\u0106 \u2013 Srpanj u Gospi\u0107u, ovogodi\u0161nja sadr\u017eajno bogata manifestacija zapo\u010dela je na najbolji mogu\u0107i na\u010din \u2013 koncertom legendarne sarajevske grupe Crvena jabuka u sklopu GROCKS \u2013 a, vrhunskog glazbenog projekta koji slavi svoj 13. ro\u0111endan. \u201eDa zna\u0161 da me boli\u0161\u201c, \u201eBje\u017ei ki\u0161o s prozora\u201c, \u201eVolio bih da si tu\u201c, \u201eTugo, nesre\u0107o\u201c, \u201eDirlija\u201c, \u201eTo mi radi\u201c, \u201eNe govori vi\u0161e\u201c samo su neki od brojnih hitova koji su odzvanjali Trgom Stjepana Radi\u0107a zahvaljuju\u0107i upravo ovom gostuju\u0107em sarajevskom pop \u2013 rock bendu koji je osnovan davne 1985. godine, a njihov prvi album pod nazivom <a style=\"color: #000000;\" href=\"https:\/\/bs.wikipedia.org\/wiki\/Crvena_jabuka_(album)\">Crvena<\/a><a style=\"color: #000000;\" href=\"https:\/\/bs.wikipedia.org\/wiki\/Crvena_jabuka_(album)\">\u00a0jabuka<\/a>\u00a0svjetlo dana ugledao je 1986. godine. \u00a0\u017dera i njegova ekipa svakako su napravili puni pogodak odnosno odli\u010dnu glazbenu uvertiru u ovogodi\u0161nju Gospi\u0107ku rock scenu koju organizira Kulturno \u2013 Informativni Centar Gospi\u0107, a odr\u017eava se pod pokroviteljstvom Grada Gospi\u0107a i Ministarstva kulture. Zadovoljstvo na licima prisutne publike svih generacija dovoljan je pokazatelj kako ovakvih kvalitetnih koncerata u na\u0161em gradu treba biti jo\u0161 vi\u0161e, a kad je rije\u010d o GROCKS \u2013 u, ve\u0107 18. srpnja u\u017eivat \u0107emo i u bezvremenskim hitovima Jurice Pa\u0111ena &amp; Aerodroma. \u00a0Svi koncerti po\u010dinju u 22 sata, a mi vas i dalje pozivamo da kao i svih ovih godina podr\u017eite GROCKS koji okuplja sve generacije i svakako #BUDIMO ODGOVORNI. Medijski pokrovitelj Gospi\u0107ke rock scene je Radio Gospi\u0107.<\/span><\/div>\n<div><\/div>\n<div><\/div>\n<div><\/div>\n<div><\/div>\n<div><span style=\"color: #ff9900;\"><em><span style=\"font-family: georgia, palatino, serif;\">Petar Tomljenovi\u0107 \/ RADIO GOSPI\u0106<\/span><\/em><\/span><\/div>\n","protected":false},"excerpt":{"rendered":"<p>GOSPI\u0106 \u2013 Srpanj u Gospi\u0107u, ovogodi\u0161nja sadr\u017eajno bogata manifestacija zapo\u010dela je na najbolji mogu\u0107i na\u010din \u2013 koncertom legendarne sarajevske grupe Crvena jabuka u sklopu GROCKS \u2013 a, vrhunskog glazbenog projekta koji slavi svoj 13. ro\u0111endan. \u201eDa zna\u0161 da me boli\u0161\u201c, \u201eBje\u017ei ki\u0161o s prozora\u201c, \u201eVolio bih da si tu\u201c, \u201eTugo, nesre\u0107o\u201c, \u201eDirlija\u201c, \u201eTo mi radi\u201c, [&hellip;]<\/p>\n","protected":false},"author":5,"featured_media":16894,"comment_status":"closed","ping_status":"closed","sticky":false,"template":"","format":"standard","meta":{"footnotes":""},"categories":[1,13],"tags":[],"acf":[],"yoast_head":"<!-- This site is optimized with the Yoast SEO plugin v21.5 - https:\/\/yoast.com\/wordpress\/plugins\/seo\/ -->\n<title>GROCKS 2020. ZAPO\u010cEO FENOMENALNIM KONCERTOM CRVENE JABUKE NA TRGU STJEPANA RADI\u0106A | Kulturno Informativni Centar Gospi\u0107<\/title>\n<meta name=\"robots\" content=\"index, follow, max-snippet:-1, max-image-preview:large, max-video-preview:-1\" \/>\n<link rel=\"canonical\" href=\"https:\/\/kic-gospic.eu\/novo\/grocks-2020-zapoceo-fenomenalnim-koncertom-crvene-jabuke-na-trgu-stjepana-radica\/\" \/>\n<meta property=\"og:locale\" content=\"en_US\" \/>\n<meta property=\"og:type\" content=\"article\" \/>\n<meta property=\"og:title\" content=\"GROCKS 2020. ZAPO\u010cEO FENOMENALNIM KONCERTOM CRVENE JABUKE NA TRGU STJEPANA RADI\u0106A | Kulturno Informativni Centar Gospi\u0107\" \/>\n<meta property=\"og:description\" content=\"GOSPI\u0106 \u2013 Srpanj u Gospi\u0107u, ovogodi\u0161nja sadr\u017eajno bogata manifestacija zapo\u010dela je na najbolji mogu\u0107i na\u010din \u2013 koncertom legendarne sarajevske grupe Crvena jabuka u sklopu GROCKS \u2013 a, vrhunskog glazbenog projekta koji slavi svoj 13. ro\u0111endan. \u201eDa zna\u0161 da me boli\u0161\u201c, \u201eBje\u017ei ki\u0161o s prozora\u201c, \u201eVolio bih da si tu\u201c, \u201eTugo, nesre\u0107o\u201c, \u201eDirlija\u201c, \u201eTo mi radi\u201c, [&hellip;]\" \/>\n<meta property=\"og:url\" content=\"https:\/\/kic-gospic.eu\/novo\/grocks-2020-zapoceo-fenomenalnim-koncertom-crvene-jabuke-na-trgu-stjepana-radica\/\" \/>\n<meta property=\"og:site_name\" content=\"Kulturno Informativni Centar Gospi\u0107\" \/>\n<meta property=\"article:publisher\" content=\"https:\/\/www.facebook.com\/kicgospic\/\" \/>\n<meta property=\"article:published_time\" content=\"2020-07-07T07:38:13+00:00\" \/>\n<meta property=\"article:modified_time\" content=\"2020-07-07T07:40:20+00:00\" \/>\n<meta property=\"og:image\" content=\"https:\/\/kic-gospic.eu\/novo\/wp-content\/uploads\/2020\/07\/grocks_2020_crvena-jabuka_josip-durdov-32-2.jpg\" \/>\n\t<meta property=\"og:image:width\" content=\"450\" \/>\n\t<meta property=\"og:image:height\" content=\"300\" \/>\n\t<meta property=\"og:image:type\" content=\"image\/jpeg\" \/>\n<meta name=\"author\" content=\"Marina \u0160imi\u0107\" \/>\n<meta name=\"twitter:card\" content=\"summary_large_image\" \/>\n<meta name=\"twitter:label1\" content=\"Written by\" \/>\n\t<meta name=\"twitter:data1\" content=\"Marina \u0160imi\u0107\" \/>\n\t<meta name=\"twitter:label2\" content=\"Est. reading time\" \/>\n\t<meta name=\"twitter:data2\" content=\"1 minute\" \/>\n<script type=\"application\/ld+json\" class=\"yoast-schema-graph\">{\"@context\":\"https:\/\/schema.org\",\"@graph\":[{\"@type\":\"Article\",\"@id\":\"https:\/\/kic-gospic.eu\/novo\/grocks-2020-zapoceo-fenomenalnim-koncertom-crvene-jabuke-na-trgu-stjepana-radica\/#article\",\"isPartOf\":{\"@id\":\"https:\/\/kic-gospic.eu\/novo\/grocks-2020-zapoceo-fenomenalnim-koncertom-crvene-jabuke-na-trgu-stjepana-radica\/\"},\"author\":{\"name\":\"Marina \u0160imi\u0107\",\"@id\":\"https:\/\/kic-gospic.eu\/novo\/#\/schema\/person\/228afda82754538a5123efd21001ba07\"},\"headline\":\"GROCKS 2020. ZAPO\u010cEO FENOMENALNIM KONCERTOM CRVENE JABUKE NA TRGU STJEPANA RADI\u0106A\",\"datePublished\":\"2020-07-07T07:38:13+00:00\",\"dateModified\":\"2020-07-07T07:40:20+00:00\",\"mainEntityOfPage\":{\"@id\":\"https:\/\/kic-gospic.eu\/novo\/grocks-2020-zapoceo-fenomenalnim-koncertom-crvene-jabuke-na-trgu-stjepana-radica\/\"},\"wordCount\":243,\"publisher\":{\"@id\":\"https:\/\/kic-gospic.eu\/novo\/#organization\"},\"articleSection\":[\"KIC\",\"Izdvojeno\"],\"inLanguage\":\"en-US\"},{\"@type\":\"WebPage\",\"@id\":\"https:\/\/kic-gospic.eu\/novo\/grocks-2020-zapoceo-fenomenalnim-koncertom-crvene-jabuke-na-trgu-stjepana-radica\/\",\"url\":\"https:\/\/kic-gospic.eu\/novo\/grocks-2020-zapoceo-fenomenalnim-koncertom-crvene-jabuke-na-trgu-stjepana-radica\/\",\"name\":\"GROCKS 2020. ZAPO\u010cEO FENOMENALNIM KONCERTOM CRVENE JABUKE NA TRGU STJEPANA RADI\u0106A | Kulturno Informativni Centar Gospi\u0107\",\"isPartOf\":{\"@id\":\"https:\/\/kic-gospic.eu\/novo\/#website\"},\"datePublished\":\"2020-07-07T07:38:13+00:00\",\"dateModified\":\"2020-07-07T07:40:20+00:00\",\"breadcrumb\":{\"@id\":\"https:\/\/kic-gospic.eu\/novo\/grocks-2020-zapoceo-fenomenalnim-koncertom-crvene-jabuke-na-trgu-stjepana-radica\/#breadcrumb\"},\"inLanguage\":\"en-US\",\"potentialAction\":[{\"@type\":\"ReadAction\",\"target\":[\"https:\/\/kic-gospic.eu\/novo\/grocks-2020-zapoceo-fenomenalnim-koncertom-crvene-jabuke-na-trgu-stjepana-radica\/\"]}]},{\"@type\":\"BreadcrumbList\",\"@id\":\"https:\/\/kic-gospic.eu\/novo\/grocks-2020-zapoceo-fenomenalnim-koncertom-crvene-jabuke-na-trgu-stjepana-radica\/#breadcrumb\",\"itemListElement\":[{\"@type\":\"ListItem\",\"position\":1,\"name\":\"Home\",\"item\":\"https:\/\/kic-gospic.eu\/novo\/\"},{\"@type\":\"ListItem\",\"position\":2,\"name\":\"GROCKS 2020. ZAPO\u010cEO FENOMENALNIM KONCERTOM CRVENE JABUKE NA TRGU STJEPANA RADI\u0106A\"}]},{\"@type\":\"WebSite\",\"@id\":\"https:\/\/kic-gospic.eu\/novo\/#website\",\"url\":\"https:\/\/kic-gospic.eu\/novo\/\",\"name\":\"Kulturno Informativni Centar Gospi\u0107\",\"description\":\"\",\"publisher\":{\"@id\":\"https:\/\/kic-gospic.eu\/novo\/#organization\"},\"potentialAction\":[{\"@type\":\"SearchAction\",\"target\":{\"@type\":\"EntryPoint\",\"urlTemplate\":\"https:\/\/kic-gospic.eu\/novo\/?s={search_term_string}\"},\"query-input\":\"required name=search_term_string\"}],\"inLanguage\":\"en-US\"},{\"@type\":\"Organization\",\"@id\":\"https:\/\/kic-gospic.eu\/novo\/#organization\",\"name\":\"Kulturno Informativni Centar\",\"url\":\"https:\/\/kic-gospic.eu\/novo\/\",\"logo\":{\"@type\":\"ImageObject\",\"inLanguage\":\"en-US\",\"@id\":\"https:\/\/kic-gospic.eu\/novo\/#\/schema\/logo\/image\/\",\"url\":\"http:\/\/www.kic-gospic.eu\/wp-content\/uploads\/2017\/02\/kic-gospic-logo.jpg\",\"contentUrl\":\"http:\/\/www.kic-gospic.eu\/wp-content\/uploads\/2017\/02\/kic-gospic-logo.jpg\",\"width\":150,\"height\":150,\"caption\":\"Kulturno Informativni Centar\"},\"image\":{\"@id\":\"https:\/\/kic-gospic.eu\/novo\/#\/schema\/logo\/image\/\"},\"sameAs\":[\"https:\/\/www.facebook.com\/kicgospic\/\"]},{\"@type\":\"Person\",\"@id\":\"https:\/\/kic-gospic.eu\/novo\/#\/schema\/person\/228afda82754538a5123efd21001ba07\",\"name\":\"Marina \u0160imi\u0107\",\"image\":{\"@type\":\"ImageObject\",\"inLanguage\":\"en-US\",\"@id\":\"https:\/\/kic-gospic.eu\/novo\/#\/schema\/person\/image\/\",\"url\":\"https:\/\/secure.gravatar.com\/avatar\/5734ffe2492ae53813f8ef8b66bf3274?s=96&d=mm&r=g\",\"contentUrl\":\"https:\/\/secure.gravatar.com\/avatar\/5734ffe2492ae53813f8ef8b66bf3274?s=96&d=mm&r=g\",\"caption\":\"Marina \u0160imi\u0107\"},\"url\":\"https:\/\/kic-gospic.eu\/novo\/author\/mrina\/\"}]}<\/script>\n<!-- \/ Yoast SEO plugin. -->","yoast_head_json":{"title":"GROCKS 2020. ZAPO\u010cEO FENOMENALNIM KONCERTOM CRVENE JABUKE NA TRGU STJEPANA RADI\u0106A | Kulturno Informativni Centar Gospi\u0107","robots":{"index":"index","follow":"follow","max-snippet":"max-snippet:-1","max-image-preview":"max-image-preview:large","max-video-preview":"max-video-preview:-1"},"canonical":"https:\/\/kic-gospic.eu\/novo\/grocks-2020-zapoceo-fenomenalnim-koncertom-crvene-jabuke-na-trgu-stjepana-radica\/","og_locale":"en_US","og_type":"article","og_title":"GROCKS 2020. ZAPO\u010cEO FENOMENALNIM KONCERTOM CRVENE JABUKE NA TRGU STJEPANA RADI\u0106A | Kulturno Informativni Centar Gospi\u0107","og_description":"GOSPI\u0106 \u2013 Srpanj u Gospi\u0107u, ovogodi\u0161nja sadr\u017eajno bogata manifestacija zapo\u010dela je na najbolji mogu\u0107i na\u010din \u2013 koncertom legendarne sarajevske grupe Crvena jabuka u sklopu GROCKS \u2013 a, vrhunskog glazbenog projekta koji slavi svoj 13. ro\u0111endan. \u201eDa zna\u0161 da me boli\u0161\u201c, \u201eBje\u017ei ki\u0161o s prozora\u201c, \u201eVolio bih da si tu\u201c, \u201eTugo, nesre\u0107o\u201c, \u201eDirlija\u201c, \u201eTo mi radi\u201c, [&hellip;]","og_url":"https:\/\/kic-gospic.eu\/novo\/grocks-2020-zapoceo-fenomenalnim-koncertom-crvene-jabuke-na-trgu-stjepana-radica\/","og_site_name":"Kulturno Informativni Centar Gospi\u0107","article_publisher":"https:\/\/www.facebook.com\/kicgospic\/","article_published_time":"2020-07-07T07:38:13+00:00","article_modified_time":"2020-07-07T07:40:20+00:00","og_image":[{"width":450,"height":300,"url":"https:\/\/kic-gospic.eu\/novo\/wp-content\/uploads\/2020\/07\/grocks_2020_crvena-jabuka_josip-durdov-32-2.jpg","type":"image\/jpeg"}],"author":"Marina \u0160imi\u0107","twitter_card":"summary_large_image","twitter_misc":{"Written by":"Marina \u0160imi\u0107","Est. reading time":"1 minute"},"schema":{"@context":"https:\/\/schema.org","@graph":[{"@type":"Article","@id":"https:\/\/kic-gospic.eu\/novo\/grocks-2020-zapoceo-fenomenalnim-koncertom-crvene-jabuke-na-trgu-stjepana-radica\/#article","isPartOf":{"@id":"https:\/\/kic-gospic.eu\/novo\/grocks-2020-zapoceo-fenomenalnim-koncertom-crvene-jabuke-na-trgu-stjepana-radica\/"},"author":{"name":"Marina \u0160imi\u0107","@id":"https:\/\/kic-gospic.eu\/novo\/#\/schema\/person\/228afda82754538a5123efd21001ba07"},"headline":"GROCKS 2020. ZAPO\u010cEO FENOMENALNIM KONCERTOM CRVENE JABUKE NA TRGU STJEPANA RADI\u0106A","datePublished":"2020-07-07T07:38:13+00:00","dateModified":"2020-07-07T07:40:20+00:00","mainEntityOfPage":{"@id":"https:\/\/kic-gospic.eu\/novo\/grocks-2020-zapoceo-fenomenalnim-koncertom-crvene-jabuke-na-trgu-stjepana-radica\/"},"wordCount":243,"publisher":{"@id":"https:\/\/kic-gospic.eu\/novo\/#organization"},"articleSection":["KIC","Izdvojeno"],"inLanguage":"en-US"},{"@type":"WebPage","@id":"https:\/\/kic-gospic.eu\/novo\/grocks-2020-zapoceo-fenomenalnim-koncertom-crvene-jabuke-na-trgu-stjepana-radica\/","url":"https:\/\/kic-gospic.eu\/novo\/grocks-2020-zapoceo-fenomenalnim-koncertom-crvene-jabuke-na-trgu-stjepana-radica\/","name":"GROCKS 2020. ZAPO\u010cEO FENOMENALNIM KONCERTOM CRVENE JABUKE NA TRGU STJEPANA RADI\u0106A | Kulturno Informativni Centar Gospi\u0107","isPartOf":{"@id":"https:\/\/kic-gospic.eu\/novo\/#website"},"datePublished":"2020-07-07T07:38:13+00:00","dateModified":"2020-07-07T07:40:20+00:00","breadcrumb":{"@id":"https:\/\/kic-gospic.eu\/novo\/grocks-2020-zapoceo-fenomenalnim-koncertom-crvene-jabuke-na-trgu-stjepana-radica\/#breadcrumb"},"inLanguage":"en-US","potentialAction":[{"@type":"ReadAction","target":["https:\/\/kic-gospic.eu\/novo\/grocks-2020-zapoceo-fenomenalnim-koncertom-crvene-jabuke-na-trgu-stjepana-radica\/"]}]},{"@type":"BreadcrumbList","@id":"https:\/\/kic-gospic.eu\/novo\/grocks-2020-zapoceo-fenomenalnim-koncertom-crvene-jabuke-na-trgu-stjepana-radica\/#breadcrumb","itemListElement":[{"@type":"ListItem","position":1,"name":"Home","item":"https:\/\/kic-gospic.eu\/novo\/"},{"@type":"ListItem","position":2,"name":"GROCKS 2020. ZAPO\u010cEO FENOMENALNIM KONCERTOM CRVENE JABUKE NA TRGU STJEPANA RADI\u0106A"}]},{"@type":"WebSite","@id":"https:\/\/kic-gospic.eu\/novo\/#website","url":"https:\/\/kic-gospic.eu\/novo\/","name":"Kulturno Informativni Centar Gospi\u0107","description":"","publisher":{"@id":"https:\/\/kic-gospic.eu\/novo\/#organization"},"potentialAction":[{"@type":"SearchAction","target":{"@type":"EntryPoint","urlTemplate":"https:\/\/kic-gospic.eu\/novo\/?s={search_term_string}"},"query-input":"required name=search_term_string"}],"inLanguage":"en-US"},{"@type":"Organization","@id":"https:\/\/kic-gospic.eu\/novo\/#organization","name":"Kulturno Informativni Centar","url":"https:\/\/kic-gospic.eu\/novo\/","logo":{"@type":"ImageObject","inLanguage":"en-US","@id":"https:\/\/kic-gospic.eu\/novo\/#\/schema\/logo\/image\/","url":"http:\/\/www.kic-gospic.eu\/wp-content\/uploads\/2017\/02\/kic-gospic-logo.jpg","contentUrl":"http:\/\/www.kic-gospic.eu\/wp-content\/uploads\/2017\/02\/kic-gospic-logo.jpg","width":150,"height":150,"caption":"Kulturno Informativni Centar"},"image":{"@id":"https:\/\/kic-gospic.eu\/novo\/#\/schema\/logo\/image\/"},"sameAs":["https:\/\/www.facebook.com\/kicgospic\/"]},{"@type":"Person","@id":"https:\/\/kic-gospic.eu\/novo\/#\/schema\/person\/228afda82754538a5123efd21001ba07","name":"Marina \u0160imi\u0107","image":{"@type":"ImageObject","inLanguage":"en-US","@id":"https:\/\/kic-gospic.eu\/novo\/#\/schema\/person\/image\/","url":"https:\/\/secure.gravatar.com\/avatar\/5734ffe2492ae53813f8ef8b66bf3274?s=96&d=mm&r=g","contentUrl":"https:\/\/secure.gravatar.com\/avatar\/5734ffe2492ae53813f8ef8b66bf3274?s=96&d=mm&r=g","caption":"Marina \u0160imi\u0107"},"url":"https:\/\/kic-gospic.eu\/novo\/author\/mrina\/"}]}},"_links":{"self":[{"href":"https:\/\/kic-gospic.eu\/novo\/wp-json\/wp\/v2\/posts\/16893"}],"collection":[{"href":"https:\/\/kic-gospic.eu\/novo\/wp-json\/wp\/v2\/posts"}],"about":[{"href":"https:\/\/kic-gospic.eu\/novo\/wp-json\/wp\/v2\/types\/post"}],"author":[{"embeddable":true,"href":"https:\/\/kic-gospic.eu\/novo\/wp-json\/wp\/v2\/users\/5"}],"replies":[{"embeddable":true,"href":"https:\/\/kic-gospic.eu\/novo\/wp-json\/wp\/v2\/comments?post=16893"}],"version-history":[{"count":3,"href":"https:\/\/kic-gospic.eu\/novo\/wp-json\/wp\/v2\/posts\/16893\/revisions"}],"predecessor-version":[{"id":16899,"href":"https:\/\/kic-gospic.eu\/novo\/wp-json\/wp\/v2\/posts\/16893\/revisions\/16899"}],"wp:featuredmedia":[{"embeddable":true,"href":"https:\/\/kic-gospic.eu\/novo\/wp-json\/wp\/v2\/media\/16894"}],"wp:attachment":[{"href":"https:\/\/kic-gospic.eu\/novo\/wp-json\/wp\/v2\/media?parent=16893"}],"wp:term":[{"taxonomy":"category","embeddable":true,"href":"https:\/\/kic-gospic.eu\/novo\/wp-json\/wp\/v2\/categories?post=16893"},{"taxonomy":"post_tag","embeddable":true,"href":"https:\/\/kic-gospic.eu\/novo\/wp-json\/wp\/v2\/tags?post=16893"}],"curies":[{"name":"wp","href":"https:\/\/api.w.org\/{rel}","templated":true}]}}