{"id":16994,"date":"2021-05-03T11:25:55","date_gmt":"2021-05-03T11:25:55","guid":{"rendered":"http:\/\/www.kic-gospic.eu\/?p=16994"},"modified":"2021-05-03T11:25:55","modified_gmt":"2021-05-03T11:25:55","slug":"sutra-svecanost-povratka-spomenika-nikole-tesle","status":"publish","type":"post","link":"https:\/\/kic-gospic.eu\/novo\/sutra-svecanost-povratka-spomenika-nikole-tesle\/","title":{"rendered":"Sutra sve\u010danost povratka  spomenika Nikole Tesle"},"content":{"rendered":"<p>GOSPI\u0106- Sutra s po\u010detkom u 11 sati na Trgu Nikole Tesle ispred Kulturno Informativnog Centra odr\u017eat \u0107e se sve\u010danost povratka spomenika Nikole Tesle u Gospi\u0107. Odljev \u00a0spomenika kakav je na glavnom gradskom trgu, sada Trgu Stjepana Radi\u0107a postojao do uni\u0161tenja 1992.godine, \u00a0\u00a0napravljen je 2006. godine. Osam godina kasnije tada\u0161nje gradsko Vije\u0107e donijelo je odluku o novoj lokaciji teslinog spomenika, ovoj ispred KIC-a. Godine 2017.\u00a0 aktualni gradona\u010delnik sa timom po\u010dinje raditi na novom projektu prema idejnom rje\u0161enju arhitekta Timoteja Kritovca. Pro\u0161le godine krenulo se s radovima ure\u0111enja trga i postavljanja spomenika. \u00a0U ne\u0161to vi\u0161e od \u0161est mjeseci tvrtka Kameni zid iz Drni\u0161a obavila je radove na ure\u0111enju prostora. Ministarstvo kulture i medija je sufinanciralo ovaj projekt kroz pla\u0107anje le\u017earine za spomenik od 2006. godine do danas te tro\u0161kove prijevoza spomenika. Iz epidemiolo\u0161kih razloga <strong>na video zidu na Trgu Stjepana Radi\u0107a u\u017eivo \u0107e se prenositi\u00a0 sve\u010dano otvorenje.<\/strong><strong>\u00a0Zainteresirani \u0107e otvorenje mo\u0107i pogledati i \u00a0putem youtube kanala i slu\u017ebene facebook stranice Grada Gospi\u0107a te na \u010detvrtom programu Hrvatske televizije.<\/strong><\/p>\n<p>Milan Toma\u0161evi\u0107<\/p>\n","protected":false},"excerpt":{"rendered":"<p>GOSPI\u0106- Sutra s po\u010detkom u 11 sati na Trgu Nikole Tesle ispred Kulturno Informativnog Centra odr\u017eat \u0107e se sve\u010danost povratka spomenika Nikole Tesle u Gospi\u0107. Odljev \u00a0spomenika kakav je na glavnom gradskom trgu, sada Trgu Stjepana Radi\u0107a postojao do uni\u0161tenja 1992.godine, \u00a0\u00a0napravljen je 2006. godine. Osam godina kasnije tada\u0161nje gradsko Vije\u0107e donijelo je odluku o [&hellip;]<\/p>\n","protected":false},"author":5,"featured_media":16993,"comment_status":"closed","ping_status":"closed","sticky":false,"template":"","format":"standard","meta":{"footnotes":""},"categories":[1,13],"tags":[],"acf":[],"yoast_head":"<!-- This site is optimized with the Yoast SEO plugin v21.5 - https:\/\/yoast.com\/wordpress\/plugins\/seo\/ -->\n<title>Sutra sve\u010danost povratka spomenika Nikole Tesle | Kulturno Informativni Centar Gospi\u0107<\/title>\n<meta name=\"robots\" content=\"index, follow, max-snippet:-1, max-image-preview:large, max-video-preview:-1\" \/>\n<link rel=\"canonical\" href=\"https:\/\/kic-gospic.eu\/novo\/sutra-svecanost-povratka-spomenika-nikole-tesle\/\" \/>\n<meta property=\"og:locale\" content=\"en_US\" \/>\n<meta property=\"og:type\" content=\"article\" \/>\n<meta property=\"og:title\" content=\"Sutra sve\u010danost povratka spomenika Nikole Tesle | Kulturno Informativni Centar Gospi\u0107\" \/>\n<meta property=\"og:description\" content=\"GOSPI\u0106- Sutra s po\u010detkom u 11 sati na Trgu Nikole Tesle ispred Kulturno Informativnog Centra odr\u017eat \u0107e se sve\u010danost povratka spomenika Nikole Tesle u Gospi\u0107. Odljev \u00a0spomenika kakav je na glavnom gradskom trgu, sada Trgu Stjepana Radi\u0107a postojao do uni\u0161tenja 1992.godine, \u00a0\u00a0napravljen je 2006. godine. Osam godina kasnije tada\u0161nje gradsko Vije\u0107e donijelo je odluku o [&hellip;]\" \/>\n<meta property=\"og:url\" content=\"https:\/\/kic-gospic.eu\/novo\/sutra-svecanost-povratka-spomenika-nikole-tesle\/\" \/>\n<meta property=\"og:site_name\" content=\"Kulturno Informativni Centar Gospi\u0107\" \/>\n<meta property=\"article:publisher\" content=\"https:\/\/www.facebook.com\/kicgospic\/\" \/>\n<meta property=\"article:published_time\" content=\"2021-05-03T11:25:55+00:00\" \/>\n<meta property=\"og:image\" content=\"https:\/\/kic-gospic.eu\/novo\/wp-content\/uploads\/2021\/05\/TESLANAJ.jpg\" \/>\n\t<meta property=\"og:image:width\" content=\"1024\" \/>\n\t<meta property=\"og:image:height\" content=\"684\" \/>\n\t<meta property=\"og:image:type\" content=\"image\/jpeg\" \/>\n<meta name=\"author\" content=\"Marina \u0160imi\u0107\" \/>\n<meta name=\"twitter:card\" content=\"summary_large_image\" \/>\n<meta name=\"twitter:label1\" content=\"Written by\" \/>\n\t<meta name=\"twitter:data1\" content=\"Marina \u0160imi\u0107\" \/>\n\t<meta name=\"twitter:label2\" content=\"Est. reading time\" \/>\n\t<meta name=\"twitter:data2\" content=\"1 minute\" \/>\n<script type=\"application\/ld+json\" class=\"yoast-schema-graph\">{\"@context\":\"https:\/\/schema.org\",\"@graph\":[{\"@type\":\"Article\",\"@id\":\"https:\/\/kic-gospic.eu\/novo\/sutra-svecanost-povratka-spomenika-nikole-tesle\/#article\",\"isPartOf\":{\"@id\":\"https:\/\/kic-gospic.eu\/novo\/sutra-svecanost-povratka-spomenika-nikole-tesle\/\"},\"author\":{\"name\":\"Marina \u0160imi\u0107\",\"@id\":\"https:\/\/kic-gospic.eu\/novo\/#\/schema\/person\/228afda82754538a5123efd21001ba07\"},\"headline\":\"Sutra sve\u010danost povratka spomenika Nikole Tesle\",\"datePublished\":\"2021-05-03T11:25:55+00:00\",\"dateModified\":\"2021-05-03T11:25:55+00:00\",\"mainEntityOfPage\":{\"@id\":\"https:\/\/kic-gospic.eu\/novo\/sutra-svecanost-povratka-spomenika-nikole-tesle\/\"},\"wordCount\":199,\"publisher\":{\"@id\":\"https:\/\/kic-gospic.eu\/novo\/#organization\"},\"articleSection\":[\"KIC\",\"Izdvojeno\"],\"inLanguage\":\"en-US\"},{\"@type\":\"WebPage\",\"@id\":\"https:\/\/kic-gospic.eu\/novo\/sutra-svecanost-povratka-spomenika-nikole-tesle\/\",\"url\":\"https:\/\/kic-gospic.eu\/novo\/sutra-svecanost-povratka-spomenika-nikole-tesle\/\",\"name\":\"Sutra sve\u010danost povratka spomenika Nikole Tesle | Kulturno Informativni Centar Gospi\u0107\",\"isPartOf\":{\"@id\":\"https:\/\/kic-gospic.eu\/novo\/#website\"},\"datePublished\":\"2021-05-03T11:25:55+00:00\",\"dateModified\":\"2021-05-03T11:25:55+00:00\",\"breadcrumb\":{\"@id\":\"https:\/\/kic-gospic.eu\/novo\/sutra-svecanost-povratka-spomenika-nikole-tesle\/#breadcrumb\"},\"inLanguage\":\"en-US\",\"potentialAction\":[{\"@type\":\"ReadAction\",\"target\":[\"https:\/\/kic-gospic.eu\/novo\/sutra-svecanost-povratka-spomenika-nikole-tesle\/\"]}]},{\"@type\":\"BreadcrumbList\",\"@id\":\"https:\/\/kic-gospic.eu\/novo\/sutra-svecanost-povratka-spomenika-nikole-tesle\/#breadcrumb\",\"itemListElement\":[{\"@type\":\"ListItem\",\"position\":1,\"name\":\"Home\",\"item\":\"https:\/\/kic-gospic.eu\/novo\/\"},{\"@type\":\"ListItem\",\"position\":2,\"name\":\"Sutra sve\u010danost povratka spomenika Nikole Tesle\"}]},{\"@type\":\"WebSite\",\"@id\":\"https:\/\/kic-gospic.eu\/novo\/#website\",\"url\":\"https:\/\/kic-gospic.eu\/novo\/\",\"name\":\"Kulturno Informativni Centar Gospi\u0107\",\"description\":\"\",\"publisher\":{\"@id\":\"https:\/\/kic-gospic.eu\/novo\/#organization\"},\"potentialAction\":[{\"@type\":\"SearchAction\",\"target\":{\"@type\":\"EntryPoint\",\"urlTemplate\":\"https:\/\/kic-gospic.eu\/novo\/?s={search_term_string}\"},\"query-input\":\"required name=search_term_string\"}],\"inLanguage\":\"en-US\"},{\"@type\":\"Organization\",\"@id\":\"https:\/\/kic-gospic.eu\/novo\/#organization\",\"name\":\"Kulturno Informativni Centar\",\"url\":\"https:\/\/kic-gospic.eu\/novo\/\",\"logo\":{\"@type\":\"ImageObject\",\"inLanguage\":\"en-US\",\"@id\":\"https:\/\/kic-gospic.eu\/novo\/#\/schema\/logo\/image\/\",\"url\":\"http:\/\/www.kic-gospic.eu\/wp-content\/uploads\/2017\/02\/kic-gospic-logo.jpg\",\"contentUrl\":\"http:\/\/www.kic-gospic.eu\/wp-content\/uploads\/2017\/02\/kic-gospic-logo.jpg\",\"width\":150,\"height\":150,\"caption\":\"Kulturno Informativni Centar\"},\"image\":{\"@id\":\"https:\/\/kic-gospic.eu\/novo\/#\/schema\/logo\/image\/\"},\"sameAs\":[\"https:\/\/www.facebook.com\/kicgospic\/\"]},{\"@type\":\"Person\",\"@id\":\"https:\/\/kic-gospic.eu\/novo\/#\/schema\/person\/228afda82754538a5123efd21001ba07\",\"name\":\"Marina \u0160imi\u0107\",\"image\":{\"@type\":\"ImageObject\",\"inLanguage\":\"en-US\",\"@id\":\"https:\/\/kic-gospic.eu\/novo\/#\/schema\/person\/image\/\",\"url\":\"https:\/\/secure.gravatar.com\/avatar\/5734ffe2492ae53813f8ef8b66bf3274?s=96&d=mm&r=g\",\"contentUrl\":\"https:\/\/secure.gravatar.com\/avatar\/5734ffe2492ae53813f8ef8b66bf3274?s=96&d=mm&r=g\",\"caption\":\"Marina \u0160imi\u0107\"},\"url\":\"https:\/\/kic-gospic.eu\/novo\/author\/mrina\/\"}]}<\/script>\n<!-- \/ Yoast SEO plugin. -->","yoast_head_json":{"title":"Sutra sve\u010danost povratka spomenika Nikole Tesle | Kulturno Informativni Centar Gospi\u0107","robots":{"index":"index","follow":"follow","max-snippet":"max-snippet:-1","max-image-preview":"max-image-preview:large","max-video-preview":"max-video-preview:-1"},"canonical":"https:\/\/kic-gospic.eu\/novo\/sutra-svecanost-povratka-spomenika-nikole-tesle\/","og_locale":"en_US","og_type":"article","og_title":"Sutra sve\u010danost povratka spomenika Nikole Tesle | Kulturno Informativni Centar Gospi\u0107","og_description":"GOSPI\u0106- Sutra s po\u010detkom u 11 sati na Trgu Nikole Tesle ispred Kulturno Informativnog Centra odr\u017eat \u0107e se sve\u010danost povratka spomenika Nikole Tesle u Gospi\u0107. Odljev \u00a0spomenika kakav je na glavnom gradskom trgu, sada Trgu Stjepana Radi\u0107a postojao do uni\u0161tenja 1992.godine, \u00a0\u00a0napravljen je 2006. godine. Osam godina kasnije tada\u0161nje gradsko Vije\u0107e donijelo je odluku o [&hellip;]","og_url":"https:\/\/kic-gospic.eu\/novo\/sutra-svecanost-povratka-spomenika-nikole-tesle\/","og_site_name":"Kulturno Informativni Centar Gospi\u0107","article_publisher":"https:\/\/www.facebook.com\/kicgospic\/","article_published_time":"2021-05-03T11:25:55+00:00","og_image":[{"width":1024,"height":684,"url":"https:\/\/kic-gospic.eu\/novo\/wp-content\/uploads\/2021\/05\/TESLANAJ.jpg","type":"image\/jpeg"}],"author":"Marina \u0160imi\u0107","twitter_card":"summary_large_image","twitter_misc":{"Written by":"Marina \u0160imi\u0107","Est. reading time":"1 minute"},"schema":{"@context":"https:\/\/schema.org","@graph":[{"@type":"Article","@id":"https:\/\/kic-gospic.eu\/novo\/sutra-svecanost-povratka-spomenika-nikole-tesle\/#article","isPartOf":{"@id":"https:\/\/kic-gospic.eu\/novo\/sutra-svecanost-povratka-spomenika-nikole-tesle\/"},"author":{"name":"Marina \u0160imi\u0107","@id":"https:\/\/kic-gospic.eu\/novo\/#\/schema\/person\/228afda82754538a5123efd21001ba07"},"headline":"Sutra sve\u010danost povratka spomenika Nikole Tesle","datePublished":"2021-05-03T11:25:55+00:00","dateModified":"2021-05-03T11:25:55+00:00","mainEntityOfPage":{"@id":"https:\/\/kic-gospic.eu\/novo\/sutra-svecanost-povratka-spomenika-nikole-tesle\/"},"wordCount":199,"publisher":{"@id":"https:\/\/kic-gospic.eu\/novo\/#organization"},"articleSection":["KIC","Izdvojeno"],"inLanguage":"en-US"},{"@type":"WebPage","@id":"https:\/\/kic-gospic.eu\/novo\/sutra-svecanost-povratka-spomenika-nikole-tesle\/","url":"https:\/\/kic-gospic.eu\/novo\/sutra-svecanost-povratka-spomenika-nikole-tesle\/","name":"Sutra sve\u010danost povratka spomenika Nikole Tesle | Kulturno Informativni Centar Gospi\u0107","isPartOf":{"@id":"https:\/\/kic-gospic.eu\/novo\/#website"},"datePublished":"2021-05-03T11:25:55+00:00","dateModified":"2021-05-03T11:25:55+00:00","breadcrumb":{"@id":"https:\/\/kic-gospic.eu\/novo\/sutra-svecanost-povratka-spomenika-nikole-tesle\/#breadcrumb"},"inLanguage":"en-US","potentialAction":[{"@type":"ReadAction","target":["https:\/\/kic-gospic.eu\/novo\/sutra-svecanost-povratka-spomenika-nikole-tesle\/"]}]},{"@type":"BreadcrumbList","@id":"https:\/\/kic-gospic.eu\/novo\/sutra-svecanost-povratka-spomenika-nikole-tesle\/#breadcrumb","itemListElement":[{"@type":"ListItem","position":1,"name":"Home","item":"https:\/\/kic-gospic.eu\/novo\/"},{"@type":"ListItem","position":2,"name":"Sutra sve\u010danost povratka spomenika Nikole Tesle"}]},{"@type":"WebSite","@id":"https:\/\/kic-gospic.eu\/novo\/#website","url":"https:\/\/kic-gospic.eu\/novo\/","name":"Kulturno Informativni Centar Gospi\u0107","description":"","publisher":{"@id":"https:\/\/kic-gospic.eu\/novo\/#organization"},"potentialAction":[{"@type":"SearchAction","target":{"@type":"EntryPoint","urlTemplate":"https:\/\/kic-gospic.eu\/novo\/?s={search_term_string}"},"query-input":"required name=search_term_string"}],"inLanguage":"en-US"},{"@type":"Organization","@id":"https:\/\/kic-gospic.eu\/novo\/#organization","name":"Kulturno Informativni Centar","url":"https:\/\/kic-gospic.eu\/novo\/","logo":{"@type":"ImageObject","inLanguage":"en-US","@id":"https:\/\/kic-gospic.eu\/novo\/#\/schema\/logo\/image\/","url":"http:\/\/www.kic-gospic.eu\/wp-content\/uploads\/2017\/02\/kic-gospic-logo.jpg","contentUrl":"http:\/\/www.kic-gospic.eu\/wp-content\/uploads\/2017\/02\/kic-gospic-logo.jpg","width":150,"height":150,"caption":"Kulturno Informativni Centar"},"image":{"@id":"https:\/\/kic-gospic.eu\/novo\/#\/schema\/logo\/image\/"},"sameAs":["https:\/\/www.facebook.com\/kicgospic\/"]},{"@type":"Person","@id":"https:\/\/kic-gospic.eu\/novo\/#\/schema\/person\/228afda82754538a5123efd21001ba07","name":"Marina \u0160imi\u0107","image":{"@type":"ImageObject","inLanguage":"en-US","@id":"https:\/\/kic-gospic.eu\/novo\/#\/schema\/person\/image\/","url":"https:\/\/secure.gravatar.com\/avatar\/5734ffe2492ae53813f8ef8b66bf3274?s=96&d=mm&r=g","contentUrl":"https:\/\/secure.gravatar.com\/avatar\/5734ffe2492ae53813f8ef8b66bf3274?s=96&d=mm&r=g","caption":"Marina \u0160imi\u0107"},"url":"https:\/\/kic-gospic.eu\/novo\/author\/mrina\/"}]}},"_links":{"self":[{"href":"https:\/\/kic-gospic.eu\/novo\/wp-json\/wp\/v2\/posts\/16994"}],"collection":[{"href":"https:\/\/kic-gospic.eu\/novo\/wp-json\/wp\/v2\/posts"}],"about":[{"href":"https:\/\/kic-gospic.eu\/novo\/wp-json\/wp\/v2\/types\/post"}],"author":[{"embeddable":true,"href":"https:\/\/kic-gospic.eu\/novo\/wp-json\/wp\/v2\/users\/5"}],"replies":[{"embeddable":true,"href":"https:\/\/kic-gospic.eu\/novo\/wp-json\/wp\/v2\/comments?post=16994"}],"version-history":[{"count":1,"href":"https:\/\/kic-gospic.eu\/novo\/wp-json\/wp\/v2\/posts\/16994\/revisions"}],"predecessor-version":[{"id":16995,"href":"https:\/\/kic-gospic.eu\/novo\/wp-json\/wp\/v2\/posts\/16994\/revisions\/16995"}],"wp:featuredmedia":[{"embeddable":true,"href":"https:\/\/kic-gospic.eu\/novo\/wp-json\/wp\/v2\/media\/16993"}],"wp:attachment":[{"href":"https:\/\/kic-gospic.eu\/novo\/wp-json\/wp\/v2\/media?parent=16994"}],"wp:term":[{"taxonomy":"category","embeddable":true,"href":"https:\/\/kic-gospic.eu\/novo\/wp-json\/wp\/v2\/categories?post=16994"},{"taxonomy":"post_tag","embeddable":true,"href":"https:\/\/kic-gospic.eu\/novo\/wp-json\/wp\/v2\/tags?post=16994"}],"curies":[{"name":"wp","href":"https:\/\/api.w.org\/{rel}","templated":true}]}}