{"id":17021,"date":"2021-07-04T11:24:56","date_gmt":"2021-07-04T11:24:56","guid":{"rendered":"http:\/\/www.kic-gospic.eu\/?p=17021"},"modified":"2021-07-08T11:33:45","modified_gmt":"2021-07-08T11:33:45","slug":"gospicka-publika-napokon-dosla-na-svoje-vrhunskim-koncertima-psihomodo-popa-i-leta-3-u-sklopu-grocks-a-2021","status":"publish","type":"post","link":"https:\/\/kic-gospic.eu\/novo\/gospicka-publika-napokon-dosla-na-svoje-vrhunskim-koncertima-psihomodo-popa-i-leta-3-u-sklopu-grocks-a-2021\/","title":{"rendered":"GOSPI\u0106KA PUBLIKA NAPOKON DO\u0160LA NA SVOJE VRHUNSKIM KONCERTIMA PSIHOMODO POPA I LETA 3 U SKLOPU GROCKS \u2013 a 2021"},"content":{"rendered":"<p>Ljubiteljima rock glazbe svakako je glavni doga\u0111aj ovog ljeta po\u010detak GROCKS \u2013 a, a i gospi\u0107ka publika napokon je do\u0161la na svoje. Uz strogo po\u0161tivanje propisanih epidemiolo\u0161kih mjera prvi ovosezonski koncert u sklopu Gospi\u0107ke rock scene otvorila su dva vrhunska benda Let 3 i Psihomodo Pop koji su na zajedni\u010dkoj turneji odu\u0161evili gospi\u0107ku publiku scenskim nastupom i pjesmama trajne vrijednosti iz svog itekako bogatog glazbenog repertoara.\u00a0 Ina\u010de, ova dva benda ve\u0107 su nastupila na GROCKS -u, Psihomodo Pop 2015., a Let 3 2017. godine. Podsje\u0107amo, prvi GROCKS odr\u017ean je 2007. godine u organizaciji i pod pokroviteljstvom Grada Gospi\u0107a, a od 2013. godine organizacija ovog prepoznatljivog glazbenog projekta pripala je KIC \u2013 u Gospi\u0107. \u00a0U subotu, 17. srpnja na GROCKS \u2013 u \u0107e nastupiti Jurica Pa\u0111en i Aerodrom, bend koji se svrstava me\u0111u najpopularnije rock sastave osamdesetih zahvaljuju\u0107i brojnim hitovima uz koje su odrastale mnoge generacije. Veselimo se i nadolaze\u0107im koncertima, te ne sumnjamo da \u0107e atmosfera biti odli\u010dna kao i na ova prva dva koncerta. \u00a0Dodajmo na kraju kako se i ove godine GROCKS odr\u017eava pod pokroviteljstvom Grada Gospi\u0107a i Ministarstva kulture i medija. Medijski pokrovitelj je Radio Gospi\u0107.<\/p>\n<p>U na\u0161oj fotogaleriji pogledajte atmosferu s koncerata Psihomodo Popa i Leta 3.<\/p>\n<p>&nbsp;<\/p>\n<p>RADIO GOSPI\u0106<\/p>\n<p>Petar Tomljenovi\u0107<\/p>\n","protected":false},"excerpt":{"rendered":"<p>Ljubiteljima rock glazbe svakako je glavni doga\u0111aj ovog ljeta po\u010detak GROCKS \u2013 a, a i gospi\u0107ka publika napokon je do\u0161la na svoje. Uz strogo po\u0161tivanje propisanih epidemiolo\u0161kih mjera prvi ovosezonski koncert u sklopu Gospi\u0107ke rock scene otvorila su dva vrhunska benda Let 3 i Psihomodo Pop koji su na zajedni\u010dkoj turneji odu\u0161evili gospi\u0107ku publiku scenskim [&hellip;]<\/p>\n","protected":false},"author":5,"featured_media":17022,"comment_status":"closed","ping_status":"closed","sticky":false,"template":"","format":"standard","meta":{"footnotes":""},"categories":[1,13,17,18,32],"tags":[],"acf":[],"yoast_head":"<!-- This site is optimized with the Yoast SEO plugin v21.5 - https:\/\/yoast.com\/wordpress\/plugins\/seo\/ -->\n<title>GOSPI\u0106KA PUBLIKA NAPOKON DO\u0160LA NA SVOJE VRHUNSKIM KONCERTIMA PSIHOMODO POPA I LETA 3 U SKLOPU GROCKS \u2013 a 2021 | Kulturno Informativni Centar Gospi\u0107<\/title>\n<meta name=\"robots\" content=\"index, follow, max-snippet:-1, max-image-preview:large, max-video-preview:-1\" \/>\n<link rel=\"canonical\" href=\"https:\/\/kic-gospic.eu\/novo\/gospicka-publika-napokon-dosla-na-svoje-vrhunskim-koncertima-psihomodo-popa-i-leta-3-u-sklopu-grocks-a-2021\/\" \/>\n<meta property=\"og:locale\" content=\"en_US\" \/>\n<meta property=\"og:type\" content=\"article\" \/>\n<meta property=\"og:title\" content=\"GOSPI\u0106KA PUBLIKA NAPOKON DO\u0160LA NA SVOJE VRHUNSKIM KONCERTIMA PSIHOMODO POPA I LETA 3 U SKLOPU GROCKS \u2013 a 2021 | Kulturno Informativni Centar Gospi\u0107\" \/>\n<meta property=\"og:description\" content=\"Ljubiteljima rock glazbe svakako je glavni doga\u0111aj ovog ljeta po\u010detak GROCKS \u2013 a, a i gospi\u0107ka publika napokon je do\u0161la na svoje. Uz strogo po\u0161tivanje propisanih epidemiolo\u0161kih mjera prvi ovosezonski koncert u sklopu Gospi\u0107ke rock scene otvorila su dva vrhunska benda Let 3 i Psihomodo Pop koji su na zajedni\u010dkoj turneji odu\u0161evili gospi\u0107ku publiku scenskim [&hellip;]\" \/>\n<meta property=\"og:url\" content=\"https:\/\/kic-gospic.eu\/novo\/gospicka-publika-napokon-dosla-na-svoje-vrhunskim-koncertima-psihomodo-popa-i-leta-3-u-sklopu-grocks-a-2021\/\" \/>\n<meta property=\"og:site_name\" content=\"Kulturno Informativni Centar Gospi\u0107\" \/>\n<meta property=\"article:publisher\" content=\"https:\/\/www.facebook.com\/kicgospic\/\" \/>\n<meta property=\"article:published_time\" content=\"2021-07-04T11:24:56+00:00\" \/>\n<meta property=\"article:modified_time\" content=\"2021-07-08T11:33:45+00:00\" \/>\n<meta property=\"og:image\" content=\"https:\/\/kic-gospic.eu\/novo\/wp-content\/uploads\/2021\/07\/DSC_0023.jpg\" \/>\n\t<meta property=\"og:image:width\" content=\"1620\" \/>\n\t<meta property=\"og:image:height\" content=\"1080\" \/>\n\t<meta property=\"og:image:type\" content=\"image\/jpeg\" \/>\n<meta name=\"author\" content=\"Marina \u0160imi\u0107\" \/>\n<meta name=\"twitter:card\" content=\"summary_large_image\" \/>\n<meta name=\"twitter:label1\" content=\"Written by\" \/>\n\t<meta name=\"twitter:data1\" content=\"Marina \u0160imi\u0107\" \/>\n\t<meta name=\"twitter:label2\" content=\"Est. reading time\" \/>\n\t<meta name=\"twitter:data2\" content=\"1 minute\" \/>\n<script type=\"application\/ld+json\" class=\"yoast-schema-graph\">{\"@context\":\"https:\/\/schema.org\",\"@graph\":[{\"@type\":\"Article\",\"@id\":\"https:\/\/kic-gospic.eu\/novo\/gospicka-publika-napokon-dosla-na-svoje-vrhunskim-koncertima-psihomodo-popa-i-leta-3-u-sklopu-grocks-a-2021\/#article\",\"isPartOf\":{\"@id\":\"https:\/\/kic-gospic.eu\/novo\/gospicka-publika-napokon-dosla-na-svoje-vrhunskim-koncertima-psihomodo-popa-i-leta-3-u-sklopu-grocks-a-2021\/\"},\"author\":{\"name\":\"Marina \u0160imi\u0107\",\"@id\":\"https:\/\/kic-gospic.eu\/novo\/#\/schema\/person\/228afda82754538a5123efd21001ba07\"},\"headline\":\"GOSPI\u0106KA PUBLIKA NAPOKON DO\u0160LA NA SVOJE VRHUNSKIM KONCERTIMA PSIHOMODO POPA I LETA 3 U SKLOPU GROCKS \u2013 a 2021\",\"datePublished\":\"2021-07-04T11:24:56+00:00\",\"dateModified\":\"2021-07-08T11:33:45+00:00\",\"mainEntityOfPage\":{\"@id\":\"https:\/\/kic-gospic.eu\/novo\/gospicka-publika-napokon-dosla-na-svoje-vrhunskim-koncertima-psihomodo-popa-i-leta-3-u-sklopu-grocks-a-2021\/\"},\"wordCount\":235,\"publisher\":{\"@id\":\"https:\/\/kic-gospic.eu\/novo\/#organization\"},\"articleSection\":[\"KIC\",\"Izdvojeno\",\"Lokalne\",\"Regionalne\",\"Kultura\"],\"inLanguage\":\"en-US\"},{\"@type\":\"WebPage\",\"@id\":\"https:\/\/kic-gospic.eu\/novo\/gospicka-publika-napokon-dosla-na-svoje-vrhunskim-koncertima-psihomodo-popa-i-leta-3-u-sklopu-grocks-a-2021\/\",\"url\":\"https:\/\/kic-gospic.eu\/novo\/gospicka-publika-napokon-dosla-na-svoje-vrhunskim-koncertima-psihomodo-popa-i-leta-3-u-sklopu-grocks-a-2021\/\",\"name\":\"GOSPI\u0106KA PUBLIKA NAPOKON DO\u0160LA NA SVOJE VRHUNSKIM KONCERTIMA PSIHOMODO POPA I LETA 3 U SKLOPU GROCKS \u2013 a 2021 | Kulturno Informativni Centar Gospi\u0107\",\"isPartOf\":{\"@id\":\"https:\/\/kic-gospic.eu\/novo\/#website\"},\"datePublished\":\"2021-07-04T11:24:56+00:00\",\"dateModified\":\"2021-07-08T11:33:45+00:00\",\"breadcrumb\":{\"@id\":\"https:\/\/kic-gospic.eu\/novo\/gospicka-publika-napokon-dosla-na-svoje-vrhunskim-koncertima-psihomodo-popa-i-leta-3-u-sklopu-grocks-a-2021\/#breadcrumb\"},\"inLanguage\":\"en-US\",\"potentialAction\":[{\"@type\":\"ReadAction\",\"target\":[\"https:\/\/kic-gospic.eu\/novo\/gospicka-publika-napokon-dosla-na-svoje-vrhunskim-koncertima-psihomodo-popa-i-leta-3-u-sklopu-grocks-a-2021\/\"]}]},{\"@type\":\"BreadcrumbList\",\"@id\":\"https:\/\/kic-gospic.eu\/novo\/gospicka-publika-napokon-dosla-na-svoje-vrhunskim-koncertima-psihomodo-popa-i-leta-3-u-sklopu-grocks-a-2021\/#breadcrumb\",\"itemListElement\":[{\"@type\":\"ListItem\",\"position\":1,\"name\":\"Home\",\"item\":\"https:\/\/kic-gospic.eu\/novo\/\"},{\"@type\":\"ListItem\",\"position\":2,\"name\":\"GOSPI\u0106KA PUBLIKA NAPOKON DO\u0160LA NA SVOJE VRHUNSKIM KONCERTIMA PSIHOMODO POPA I LETA 3 U SKLOPU GROCKS \u2013 a 2021\"}]},{\"@type\":\"WebSite\",\"@id\":\"https:\/\/kic-gospic.eu\/novo\/#website\",\"url\":\"https:\/\/kic-gospic.eu\/novo\/\",\"name\":\"Kulturno Informativni Centar Gospi\u0107\",\"description\":\"\",\"publisher\":{\"@id\":\"https:\/\/kic-gospic.eu\/novo\/#organization\"},\"potentialAction\":[{\"@type\":\"SearchAction\",\"target\":{\"@type\":\"EntryPoint\",\"urlTemplate\":\"https:\/\/kic-gospic.eu\/novo\/?s={search_term_string}\"},\"query-input\":\"required name=search_term_string\"}],\"inLanguage\":\"en-US\"},{\"@type\":\"Organization\",\"@id\":\"https:\/\/kic-gospic.eu\/novo\/#organization\",\"name\":\"Kulturno Informativni Centar\",\"url\":\"https:\/\/kic-gospic.eu\/novo\/\",\"logo\":{\"@type\":\"ImageObject\",\"inLanguage\":\"en-US\",\"@id\":\"https:\/\/kic-gospic.eu\/novo\/#\/schema\/logo\/image\/\",\"url\":\"http:\/\/www.kic-gospic.eu\/wp-content\/uploads\/2017\/02\/kic-gospic-logo.jpg\",\"contentUrl\":\"http:\/\/www.kic-gospic.eu\/wp-content\/uploads\/2017\/02\/kic-gospic-logo.jpg\",\"width\":150,\"height\":150,\"caption\":\"Kulturno Informativni Centar\"},\"image\":{\"@id\":\"https:\/\/kic-gospic.eu\/novo\/#\/schema\/logo\/image\/\"},\"sameAs\":[\"https:\/\/www.facebook.com\/kicgospic\/\"]},{\"@type\":\"Person\",\"@id\":\"https:\/\/kic-gospic.eu\/novo\/#\/schema\/person\/228afda82754538a5123efd21001ba07\",\"name\":\"Marina \u0160imi\u0107\",\"image\":{\"@type\":\"ImageObject\",\"inLanguage\":\"en-US\",\"@id\":\"https:\/\/kic-gospic.eu\/novo\/#\/schema\/person\/image\/\",\"url\":\"https:\/\/secure.gravatar.com\/avatar\/5734ffe2492ae53813f8ef8b66bf3274?s=96&d=mm&r=g\",\"contentUrl\":\"https:\/\/secure.gravatar.com\/avatar\/5734ffe2492ae53813f8ef8b66bf3274?s=96&d=mm&r=g\",\"caption\":\"Marina \u0160imi\u0107\"},\"url\":\"https:\/\/kic-gospic.eu\/novo\/author\/mrina\/\"}]}<\/script>\n<!-- \/ Yoast SEO plugin. -->","yoast_head_json":{"title":"GOSPI\u0106KA PUBLIKA NAPOKON DO\u0160LA NA SVOJE VRHUNSKIM KONCERTIMA PSIHOMODO POPA I LETA 3 U SKLOPU GROCKS \u2013 a 2021 | Kulturno Informativni Centar Gospi\u0107","robots":{"index":"index","follow":"follow","max-snippet":"max-snippet:-1","max-image-preview":"max-image-preview:large","max-video-preview":"max-video-preview:-1"},"canonical":"https:\/\/kic-gospic.eu\/novo\/gospicka-publika-napokon-dosla-na-svoje-vrhunskim-koncertima-psihomodo-popa-i-leta-3-u-sklopu-grocks-a-2021\/","og_locale":"en_US","og_type":"article","og_title":"GOSPI\u0106KA PUBLIKA NAPOKON DO\u0160LA NA SVOJE VRHUNSKIM KONCERTIMA PSIHOMODO POPA I LETA 3 U SKLOPU GROCKS \u2013 a 2021 | Kulturno Informativni Centar Gospi\u0107","og_description":"Ljubiteljima rock glazbe svakako je glavni doga\u0111aj ovog ljeta po\u010detak GROCKS \u2013 a, a i gospi\u0107ka publika napokon je do\u0161la na svoje. Uz strogo po\u0161tivanje propisanih epidemiolo\u0161kih mjera prvi ovosezonski koncert u sklopu Gospi\u0107ke rock scene otvorila su dva vrhunska benda Let 3 i Psihomodo Pop koji su na zajedni\u010dkoj turneji odu\u0161evili gospi\u0107ku publiku scenskim [&hellip;]","og_url":"https:\/\/kic-gospic.eu\/novo\/gospicka-publika-napokon-dosla-na-svoje-vrhunskim-koncertima-psihomodo-popa-i-leta-3-u-sklopu-grocks-a-2021\/","og_site_name":"Kulturno Informativni Centar Gospi\u0107","article_publisher":"https:\/\/www.facebook.com\/kicgospic\/","article_published_time":"2021-07-04T11:24:56+00:00","article_modified_time":"2021-07-08T11:33:45+00:00","og_image":[{"width":1620,"height":1080,"url":"https:\/\/kic-gospic.eu\/novo\/wp-content\/uploads\/2021\/07\/DSC_0023.jpg","type":"image\/jpeg"}],"author":"Marina \u0160imi\u0107","twitter_card":"summary_large_image","twitter_misc":{"Written by":"Marina \u0160imi\u0107","Est. reading time":"1 minute"},"schema":{"@context":"https:\/\/schema.org","@graph":[{"@type":"Article","@id":"https:\/\/kic-gospic.eu\/novo\/gospicka-publika-napokon-dosla-na-svoje-vrhunskim-koncertima-psihomodo-popa-i-leta-3-u-sklopu-grocks-a-2021\/#article","isPartOf":{"@id":"https:\/\/kic-gospic.eu\/novo\/gospicka-publika-napokon-dosla-na-svoje-vrhunskim-koncertima-psihomodo-popa-i-leta-3-u-sklopu-grocks-a-2021\/"},"author":{"name":"Marina \u0160imi\u0107","@id":"https:\/\/kic-gospic.eu\/novo\/#\/schema\/person\/228afda82754538a5123efd21001ba07"},"headline":"GOSPI\u0106KA PUBLIKA NAPOKON DO\u0160LA NA SVOJE VRHUNSKIM KONCERTIMA PSIHOMODO POPA I LETA 3 U SKLOPU GROCKS \u2013 a 2021","datePublished":"2021-07-04T11:24:56+00:00","dateModified":"2021-07-08T11:33:45+00:00","mainEntityOfPage":{"@id":"https:\/\/kic-gospic.eu\/novo\/gospicka-publika-napokon-dosla-na-svoje-vrhunskim-koncertima-psihomodo-popa-i-leta-3-u-sklopu-grocks-a-2021\/"},"wordCount":235,"publisher":{"@id":"https:\/\/kic-gospic.eu\/novo\/#organization"},"articleSection":["KIC","Izdvojeno","Lokalne","Regionalne","Kultura"],"inLanguage":"en-US"},{"@type":"WebPage","@id":"https:\/\/kic-gospic.eu\/novo\/gospicka-publika-napokon-dosla-na-svoje-vrhunskim-koncertima-psihomodo-popa-i-leta-3-u-sklopu-grocks-a-2021\/","url":"https:\/\/kic-gospic.eu\/novo\/gospicka-publika-napokon-dosla-na-svoje-vrhunskim-koncertima-psihomodo-popa-i-leta-3-u-sklopu-grocks-a-2021\/","name":"GOSPI\u0106KA PUBLIKA NAPOKON DO\u0160LA NA SVOJE VRHUNSKIM KONCERTIMA PSIHOMODO POPA I LETA 3 U SKLOPU GROCKS \u2013 a 2021 | Kulturno Informativni Centar Gospi\u0107","isPartOf":{"@id":"https:\/\/kic-gospic.eu\/novo\/#website"},"datePublished":"2021-07-04T11:24:56+00:00","dateModified":"2021-07-08T11:33:45+00:00","breadcrumb":{"@id":"https:\/\/kic-gospic.eu\/novo\/gospicka-publika-napokon-dosla-na-svoje-vrhunskim-koncertima-psihomodo-popa-i-leta-3-u-sklopu-grocks-a-2021\/#breadcrumb"},"inLanguage":"en-US","potentialAction":[{"@type":"ReadAction","target":["https:\/\/kic-gospic.eu\/novo\/gospicka-publika-napokon-dosla-na-svoje-vrhunskim-koncertima-psihomodo-popa-i-leta-3-u-sklopu-grocks-a-2021\/"]}]},{"@type":"BreadcrumbList","@id":"https:\/\/kic-gospic.eu\/novo\/gospicka-publika-napokon-dosla-na-svoje-vrhunskim-koncertima-psihomodo-popa-i-leta-3-u-sklopu-grocks-a-2021\/#breadcrumb","itemListElement":[{"@type":"ListItem","position":1,"name":"Home","item":"https:\/\/kic-gospic.eu\/novo\/"},{"@type":"ListItem","position":2,"name":"GOSPI\u0106KA PUBLIKA NAPOKON DO\u0160LA NA SVOJE VRHUNSKIM KONCERTIMA PSIHOMODO POPA I LETA 3 U SKLOPU GROCKS \u2013 a 2021"}]},{"@type":"WebSite","@id":"https:\/\/kic-gospic.eu\/novo\/#website","url":"https:\/\/kic-gospic.eu\/novo\/","name":"Kulturno Informativni Centar Gospi\u0107","description":"","publisher":{"@id":"https:\/\/kic-gospic.eu\/novo\/#organization"},"potentialAction":[{"@type":"SearchAction","target":{"@type":"EntryPoint","urlTemplate":"https:\/\/kic-gospic.eu\/novo\/?s={search_term_string}"},"query-input":"required name=search_term_string"}],"inLanguage":"en-US"},{"@type":"Organization","@id":"https:\/\/kic-gospic.eu\/novo\/#organization","name":"Kulturno Informativni Centar","url":"https:\/\/kic-gospic.eu\/novo\/","logo":{"@type":"ImageObject","inLanguage":"en-US","@id":"https:\/\/kic-gospic.eu\/novo\/#\/schema\/logo\/image\/","url":"http:\/\/www.kic-gospic.eu\/wp-content\/uploads\/2017\/02\/kic-gospic-logo.jpg","contentUrl":"http:\/\/www.kic-gospic.eu\/wp-content\/uploads\/2017\/02\/kic-gospic-logo.jpg","width":150,"height":150,"caption":"Kulturno Informativni Centar"},"image":{"@id":"https:\/\/kic-gospic.eu\/novo\/#\/schema\/logo\/image\/"},"sameAs":["https:\/\/www.facebook.com\/kicgospic\/"]},{"@type":"Person","@id":"https:\/\/kic-gospic.eu\/novo\/#\/schema\/person\/228afda82754538a5123efd21001ba07","name":"Marina \u0160imi\u0107","image":{"@type":"ImageObject","inLanguage":"en-US","@id":"https:\/\/kic-gospic.eu\/novo\/#\/schema\/person\/image\/","url":"https:\/\/secure.gravatar.com\/avatar\/5734ffe2492ae53813f8ef8b66bf3274?s=96&d=mm&r=g","contentUrl":"https:\/\/secure.gravatar.com\/avatar\/5734ffe2492ae53813f8ef8b66bf3274?s=96&d=mm&r=g","caption":"Marina \u0160imi\u0107"},"url":"https:\/\/kic-gospic.eu\/novo\/author\/mrina\/"}]}},"_links":{"self":[{"href":"https:\/\/kic-gospic.eu\/novo\/wp-json\/wp\/v2\/posts\/17021"}],"collection":[{"href":"https:\/\/kic-gospic.eu\/novo\/wp-json\/wp\/v2\/posts"}],"about":[{"href":"https:\/\/kic-gospic.eu\/novo\/wp-json\/wp\/v2\/types\/post"}],"author":[{"embeddable":true,"href":"https:\/\/kic-gospic.eu\/novo\/wp-json\/wp\/v2\/users\/5"}],"replies":[{"embeddable":true,"href":"https:\/\/kic-gospic.eu\/novo\/wp-json\/wp\/v2\/comments?post=17021"}],"version-history":[{"count":1,"href":"https:\/\/kic-gospic.eu\/novo\/wp-json\/wp\/v2\/posts\/17021\/revisions"}],"predecessor-version":[{"id":17023,"href":"https:\/\/kic-gospic.eu\/novo\/wp-json\/wp\/v2\/posts\/17021\/revisions\/17023"}],"wp:featuredmedia":[{"embeddable":true,"href":"https:\/\/kic-gospic.eu\/novo\/wp-json\/wp\/v2\/media\/17022"}],"wp:attachment":[{"href":"https:\/\/kic-gospic.eu\/novo\/wp-json\/wp\/v2\/media?parent=17021"}],"wp:term":[{"taxonomy":"category","embeddable":true,"href":"https:\/\/kic-gospic.eu\/novo\/wp-json\/wp\/v2\/categories?post=17021"},{"taxonomy":"post_tag","embeddable":true,"href":"https:\/\/kic-gospic.eu\/novo\/wp-json\/wp\/v2\/tags?post=17021"}],"curies":[{"name":"wp","href":"https:\/\/api.w.org\/{rel}","templated":true}]}}