{"id":17066,"date":"2021-07-12T09:26:49","date_gmt":"2021-07-12T09:26:49","guid":{"rendered":"http:\/\/www.kic-gospic.eu\/?p=17066"},"modified":"2021-07-12T10:04:27","modified_gmt":"2021-07-12T10:04:27","slug":"obiljezena-165-obljetnica-rodenja-svjetskog-genija-nikole-tesle","status":"publish","type":"post","link":"https:\/\/kic-gospic.eu\/novo\/obiljezena-165-obljetnica-rodenja-svjetskog-genija-nikole-tesle\/","title":{"rendered":"Obilje\u017eena 165. obljetnica ro\u0111enja svjetskog genija Nikole Tesle"},"content":{"rendered":"<p>GOSPI\u0106- Na ove godine\u00a0 ure\u0111enom Trgu Nikole Tesle ispred Kulturno-informativnog centra, na koji se proljetos ponovno vratio Teslin spomenik, odr\u017eano je obilje\u017eavanje godi\u0161njice ro\u0111enja ovoga genija. Brojna publika imala je prilike u\u017eivati u laser showu i zanimljivoj svjetlosnoj plesnoj to\u010dci. Ravnateljica Muzeja Like Gospi\u0107, pod \u010dijom upravom je i Memorijalni centar Nikole Tesle u Smiljanu, glavni organizator ovoga obilje\u017eavanja,\u00a0 dr.sc.Tatjana Kolak isti\u010de da je ovo obilje\u017eavanje iskorak koji je centar u\u010dinio. &#8220;<em><strong>Okrenuli smo se suvremenim, modernijim i osobito mla\u0111oj populaciji prijem\u010divijim metodama<\/strong><\/em>&#8220;- ka\u017ee ona. Naime Ana-Marija \u0160olaja iz Teslinog smiljanskog centra na suradnju je pozvala modni dvojac ELFS koji su dizajnirali posebne majice From Smiljan by ELFS. Radi se o limitiranoj kolekciji sa 166 napravljenih majica. Prihod od prodaje majica namjenjen je za pomo\u0107 stradalima u potresu na Baniji. Dvojac iz ELFSA ka\u017ee nam da su motivi koje su koristili pri kreiranju majice motiv neonske lampe koji predstavlja crte\u017e kakav je nacrtao i sam Tesla. Drugi motiv je neizbje\u017ena golubica kao ne\u0161to \u0161to se uvijek ve\u017ee uz Nikolu Teslu. Drago im je \u0161to su dio projekta jer je Tesla osoba koja je globalno poznata i trebamo se pozivati na Teslino naslje\u0111e. Drago im je i \u0161to sredstva od prodaje majica idu u humanitarne svrhe.<\/p>\n<p>Brojni su se gra\u0111ani okupili na ovome doga\u0111aju pa je novi trg bio itekako popunjen. Svakako trebamo spomenuti da su tu bili i gradona\u010delnik Karlo Star\u010devi\u0107\u00a0 i \u017eupan Ernest Petry sa svojim suradnicima.<\/p>\n<p>&nbsp;<\/p>\n<p>Milan Toma\u0161evi\u0107\/RADIO GOSPI\u0106<\/p>\n","protected":false},"excerpt":{"rendered":"<p>GOSPI\u0106- Na ove godine\u00a0 ure\u0111enom Trgu Nikole Tesle ispred Kulturno-informativnog centra, na koji se proljetos ponovno vratio Teslin spomenik, odr\u017eano je obilje\u017eavanje godi\u0161njice ro\u0111enja ovoga genija. Brojna publika imala je prilike u\u017eivati u laser showu i zanimljivoj svjetlosnoj plesnoj to\u010dci. Ravnateljica Muzeja Like Gospi\u0107, pod \u010dijom upravom je i Memorijalni centar Nikole Tesle u Smiljanu, [&hellip;]<\/p>\n","protected":false},"author":5,"featured_media":17069,"comment_status":"closed","ping_status":"closed","sticky":false,"template":"","format":"standard","meta":{"footnotes":""},"categories":[1,13],"tags":[],"acf":[],"yoast_head":"<!-- This site is optimized with the Yoast SEO plugin v21.5 - https:\/\/yoast.com\/wordpress\/plugins\/seo\/ -->\n<title>Obilje\u017eena 165. obljetnica ro\u0111enja svjetskog genija Nikole Tesle | Kulturno Informativni Centar Gospi\u0107<\/title>\n<meta name=\"robots\" content=\"index, follow, max-snippet:-1, max-image-preview:large, max-video-preview:-1\" \/>\n<link rel=\"canonical\" href=\"https:\/\/kic-gospic.eu\/novo\/obiljezena-165-obljetnica-rodenja-svjetskog-genija-nikole-tesle\/\" \/>\n<meta property=\"og:locale\" content=\"en_US\" \/>\n<meta property=\"og:type\" content=\"article\" \/>\n<meta property=\"og:title\" content=\"Obilje\u017eena 165. obljetnica ro\u0111enja svjetskog genija Nikole Tesle | Kulturno Informativni Centar Gospi\u0107\" \/>\n<meta property=\"og:description\" content=\"GOSPI\u0106- Na ove godine\u00a0 ure\u0111enom Trgu Nikole Tesle ispred Kulturno-informativnog centra, na koji se proljetos ponovno vratio Teslin spomenik, odr\u017eano je obilje\u017eavanje godi\u0161njice ro\u0111enja ovoga genija. Brojna publika imala je prilike u\u017eivati u laser showu i zanimljivoj svjetlosnoj plesnoj to\u010dci. Ravnateljica Muzeja Like Gospi\u0107, pod \u010dijom upravom je i Memorijalni centar Nikole Tesle u Smiljanu, [&hellip;]\" \/>\n<meta property=\"og:url\" content=\"https:\/\/kic-gospic.eu\/novo\/obiljezena-165-obljetnica-rodenja-svjetskog-genija-nikole-tesle\/\" \/>\n<meta property=\"og:site_name\" content=\"Kulturno Informativni Centar Gospi\u0107\" \/>\n<meta property=\"article:publisher\" content=\"https:\/\/www.facebook.com\/kicgospic\/\" \/>\n<meta property=\"article:published_time\" content=\"2021-07-12T09:26:49+00:00\" \/>\n<meta property=\"article:modified_time\" content=\"2021-07-12T10:04:27+00:00\" \/>\n<meta property=\"og:image\" content=\"https:\/\/kic-gospic.eu\/novo\/wp-content\/uploads\/2021\/07\/tesla2.jpg\" \/>\n\t<meta property=\"og:image:width\" content=\"1200\" \/>\n\t<meta property=\"og:image:height\" content=\"800\" \/>\n\t<meta property=\"og:image:type\" content=\"image\/jpeg\" \/>\n<meta name=\"author\" content=\"Marina \u0160imi\u0107\" \/>\n<meta name=\"twitter:card\" content=\"summary_large_image\" \/>\n<meta name=\"twitter:label1\" content=\"Written by\" \/>\n\t<meta name=\"twitter:data1\" content=\"Marina \u0160imi\u0107\" \/>\n\t<meta name=\"twitter:label2\" content=\"Est. reading time\" \/>\n\t<meta name=\"twitter:data2\" content=\"1 minute\" \/>\n<script type=\"application\/ld+json\" class=\"yoast-schema-graph\">{\"@context\":\"https:\/\/schema.org\",\"@graph\":[{\"@type\":\"Article\",\"@id\":\"https:\/\/kic-gospic.eu\/novo\/obiljezena-165-obljetnica-rodenja-svjetskog-genija-nikole-tesle\/#article\",\"isPartOf\":{\"@id\":\"https:\/\/kic-gospic.eu\/novo\/obiljezena-165-obljetnica-rodenja-svjetskog-genija-nikole-tesle\/\"},\"author\":{\"name\":\"Marina \u0160imi\u0107\",\"@id\":\"https:\/\/kic-gospic.eu\/novo\/#\/schema\/person\/228afda82754538a5123efd21001ba07\"},\"headline\":\"Obilje\u017eena 165. obljetnica ro\u0111enja svjetskog genija Nikole Tesle\",\"datePublished\":\"2021-07-12T09:26:49+00:00\",\"dateModified\":\"2021-07-12T10:04:27+00:00\",\"mainEntityOfPage\":{\"@id\":\"https:\/\/kic-gospic.eu\/novo\/obiljezena-165-obljetnica-rodenja-svjetskog-genija-nikole-tesle\/\"},\"wordCount\":278,\"publisher\":{\"@id\":\"https:\/\/kic-gospic.eu\/novo\/#organization\"},\"articleSection\":[\"KIC\",\"Izdvojeno\"],\"inLanguage\":\"en-US\"},{\"@type\":\"WebPage\",\"@id\":\"https:\/\/kic-gospic.eu\/novo\/obiljezena-165-obljetnica-rodenja-svjetskog-genija-nikole-tesle\/\",\"url\":\"https:\/\/kic-gospic.eu\/novo\/obiljezena-165-obljetnica-rodenja-svjetskog-genija-nikole-tesle\/\",\"name\":\"Obilje\u017eena 165. obljetnica ro\u0111enja svjetskog genija Nikole Tesle | Kulturno Informativni Centar Gospi\u0107\",\"isPartOf\":{\"@id\":\"https:\/\/kic-gospic.eu\/novo\/#website\"},\"datePublished\":\"2021-07-12T09:26:49+00:00\",\"dateModified\":\"2021-07-12T10:04:27+00:00\",\"breadcrumb\":{\"@id\":\"https:\/\/kic-gospic.eu\/novo\/obiljezena-165-obljetnica-rodenja-svjetskog-genija-nikole-tesle\/#breadcrumb\"},\"inLanguage\":\"en-US\",\"potentialAction\":[{\"@type\":\"ReadAction\",\"target\":[\"https:\/\/kic-gospic.eu\/novo\/obiljezena-165-obljetnica-rodenja-svjetskog-genija-nikole-tesle\/\"]}]},{\"@type\":\"BreadcrumbList\",\"@id\":\"https:\/\/kic-gospic.eu\/novo\/obiljezena-165-obljetnica-rodenja-svjetskog-genija-nikole-tesle\/#breadcrumb\",\"itemListElement\":[{\"@type\":\"ListItem\",\"position\":1,\"name\":\"Home\",\"item\":\"https:\/\/kic-gospic.eu\/novo\/\"},{\"@type\":\"ListItem\",\"position\":2,\"name\":\"Obilje\u017eena 165. obljetnica ro\u0111enja svjetskog genija Nikole Tesle\"}]},{\"@type\":\"WebSite\",\"@id\":\"https:\/\/kic-gospic.eu\/novo\/#website\",\"url\":\"https:\/\/kic-gospic.eu\/novo\/\",\"name\":\"Kulturno Informativni Centar Gospi\u0107\",\"description\":\"\",\"publisher\":{\"@id\":\"https:\/\/kic-gospic.eu\/novo\/#organization\"},\"potentialAction\":[{\"@type\":\"SearchAction\",\"target\":{\"@type\":\"EntryPoint\",\"urlTemplate\":\"https:\/\/kic-gospic.eu\/novo\/?s={search_term_string}\"},\"query-input\":\"required name=search_term_string\"}],\"inLanguage\":\"en-US\"},{\"@type\":\"Organization\",\"@id\":\"https:\/\/kic-gospic.eu\/novo\/#organization\",\"name\":\"Kulturno Informativni Centar\",\"url\":\"https:\/\/kic-gospic.eu\/novo\/\",\"logo\":{\"@type\":\"ImageObject\",\"inLanguage\":\"en-US\",\"@id\":\"https:\/\/kic-gospic.eu\/novo\/#\/schema\/logo\/image\/\",\"url\":\"http:\/\/www.kic-gospic.eu\/wp-content\/uploads\/2017\/02\/kic-gospic-logo.jpg\",\"contentUrl\":\"http:\/\/www.kic-gospic.eu\/wp-content\/uploads\/2017\/02\/kic-gospic-logo.jpg\",\"width\":150,\"height\":150,\"caption\":\"Kulturno Informativni Centar\"},\"image\":{\"@id\":\"https:\/\/kic-gospic.eu\/novo\/#\/schema\/logo\/image\/\"},\"sameAs\":[\"https:\/\/www.facebook.com\/kicgospic\/\"]},{\"@type\":\"Person\",\"@id\":\"https:\/\/kic-gospic.eu\/novo\/#\/schema\/person\/228afda82754538a5123efd21001ba07\",\"name\":\"Marina \u0160imi\u0107\",\"image\":{\"@type\":\"ImageObject\",\"inLanguage\":\"en-US\",\"@id\":\"https:\/\/kic-gospic.eu\/novo\/#\/schema\/person\/image\/\",\"url\":\"https:\/\/secure.gravatar.com\/avatar\/5734ffe2492ae53813f8ef8b66bf3274?s=96&d=mm&r=g\",\"contentUrl\":\"https:\/\/secure.gravatar.com\/avatar\/5734ffe2492ae53813f8ef8b66bf3274?s=96&d=mm&r=g\",\"caption\":\"Marina \u0160imi\u0107\"},\"url\":\"https:\/\/kic-gospic.eu\/novo\/author\/mrina\/\"}]}<\/script>\n<!-- \/ Yoast SEO plugin. -->","yoast_head_json":{"title":"Obilje\u017eena 165. obljetnica ro\u0111enja svjetskog genija Nikole Tesle | Kulturno Informativni Centar Gospi\u0107","robots":{"index":"index","follow":"follow","max-snippet":"max-snippet:-1","max-image-preview":"max-image-preview:large","max-video-preview":"max-video-preview:-1"},"canonical":"https:\/\/kic-gospic.eu\/novo\/obiljezena-165-obljetnica-rodenja-svjetskog-genija-nikole-tesle\/","og_locale":"en_US","og_type":"article","og_title":"Obilje\u017eena 165. obljetnica ro\u0111enja svjetskog genija Nikole Tesle | Kulturno Informativni Centar Gospi\u0107","og_description":"GOSPI\u0106- Na ove godine\u00a0 ure\u0111enom Trgu Nikole Tesle ispred Kulturno-informativnog centra, na koji se proljetos ponovno vratio Teslin spomenik, odr\u017eano je obilje\u017eavanje godi\u0161njice ro\u0111enja ovoga genija. Brojna publika imala je prilike u\u017eivati u laser showu i zanimljivoj svjetlosnoj plesnoj to\u010dci. Ravnateljica Muzeja Like Gospi\u0107, pod \u010dijom upravom je i Memorijalni centar Nikole Tesle u Smiljanu, [&hellip;]","og_url":"https:\/\/kic-gospic.eu\/novo\/obiljezena-165-obljetnica-rodenja-svjetskog-genija-nikole-tesle\/","og_site_name":"Kulturno Informativni Centar Gospi\u0107","article_publisher":"https:\/\/www.facebook.com\/kicgospic\/","article_published_time":"2021-07-12T09:26:49+00:00","article_modified_time":"2021-07-12T10:04:27+00:00","og_image":[{"width":1200,"height":800,"url":"https:\/\/kic-gospic.eu\/novo\/wp-content\/uploads\/2021\/07\/tesla2.jpg","type":"image\/jpeg"}],"author":"Marina \u0160imi\u0107","twitter_card":"summary_large_image","twitter_misc":{"Written by":"Marina \u0160imi\u0107","Est. reading time":"1 minute"},"schema":{"@context":"https:\/\/schema.org","@graph":[{"@type":"Article","@id":"https:\/\/kic-gospic.eu\/novo\/obiljezena-165-obljetnica-rodenja-svjetskog-genija-nikole-tesle\/#article","isPartOf":{"@id":"https:\/\/kic-gospic.eu\/novo\/obiljezena-165-obljetnica-rodenja-svjetskog-genija-nikole-tesle\/"},"author":{"name":"Marina \u0160imi\u0107","@id":"https:\/\/kic-gospic.eu\/novo\/#\/schema\/person\/228afda82754538a5123efd21001ba07"},"headline":"Obilje\u017eena 165. obljetnica ro\u0111enja svjetskog genija Nikole Tesle","datePublished":"2021-07-12T09:26:49+00:00","dateModified":"2021-07-12T10:04:27+00:00","mainEntityOfPage":{"@id":"https:\/\/kic-gospic.eu\/novo\/obiljezena-165-obljetnica-rodenja-svjetskog-genija-nikole-tesle\/"},"wordCount":278,"publisher":{"@id":"https:\/\/kic-gospic.eu\/novo\/#organization"},"articleSection":["KIC","Izdvojeno"],"inLanguage":"en-US"},{"@type":"WebPage","@id":"https:\/\/kic-gospic.eu\/novo\/obiljezena-165-obljetnica-rodenja-svjetskog-genija-nikole-tesle\/","url":"https:\/\/kic-gospic.eu\/novo\/obiljezena-165-obljetnica-rodenja-svjetskog-genija-nikole-tesle\/","name":"Obilje\u017eena 165. obljetnica ro\u0111enja svjetskog genija Nikole Tesle | Kulturno Informativni Centar Gospi\u0107","isPartOf":{"@id":"https:\/\/kic-gospic.eu\/novo\/#website"},"datePublished":"2021-07-12T09:26:49+00:00","dateModified":"2021-07-12T10:04:27+00:00","breadcrumb":{"@id":"https:\/\/kic-gospic.eu\/novo\/obiljezena-165-obljetnica-rodenja-svjetskog-genija-nikole-tesle\/#breadcrumb"},"inLanguage":"en-US","potentialAction":[{"@type":"ReadAction","target":["https:\/\/kic-gospic.eu\/novo\/obiljezena-165-obljetnica-rodenja-svjetskog-genija-nikole-tesle\/"]}]},{"@type":"BreadcrumbList","@id":"https:\/\/kic-gospic.eu\/novo\/obiljezena-165-obljetnica-rodenja-svjetskog-genija-nikole-tesle\/#breadcrumb","itemListElement":[{"@type":"ListItem","position":1,"name":"Home","item":"https:\/\/kic-gospic.eu\/novo\/"},{"@type":"ListItem","position":2,"name":"Obilje\u017eena 165. obljetnica ro\u0111enja svjetskog genija Nikole Tesle"}]},{"@type":"WebSite","@id":"https:\/\/kic-gospic.eu\/novo\/#website","url":"https:\/\/kic-gospic.eu\/novo\/","name":"Kulturno Informativni Centar Gospi\u0107","description":"","publisher":{"@id":"https:\/\/kic-gospic.eu\/novo\/#organization"},"potentialAction":[{"@type":"SearchAction","target":{"@type":"EntryPoint","urlTemplate":"https:\/\/kic-gospic.eu\/novo\/?s={search_term_string}"},"query-input":"required name=search_term_string"}],"inLanguage":"en-US"},{"@type":"Organization","@id":"https:\/\/kic-gospic.eu\/novo\/#organization","name":"Kulturno Informativni Centar","url":"https:\/\/kic-gospic.eu\/novo\/","logo":{"@type":"ImageObject","inLanguage":"en-US","@id":"https:\/\/kic-gospic.eu\/novo\/#\/schema\/logo\/image\/","url":"http:\/\/www.kic-gospic.eu\/wp-content\/uploads\/2017\/02\/kic-gospic-logo.jpg","contentUrl":"http:\/\/www.kic-gospic.eu\/wp-content\/uploads\/2017\/02\/kic-gospic-logo.jpg","width":150,"height":150,"caption":"Kulturno Informativni Centar"},"image":{"@id":"https:\/\/kic-gospic.eu\/novo\/#\/schema\/logo\/image\/"},"sameAs":["https:\/\/www.facebook.com\/kicgospic\/"]},{"@type":"Person","@id":"https:\/\/kic-gospic.eu\/novo\/#\/schema\/person\/228afda82754538a5123efd21001ba07","name":"Marina \u0160imi\u0107","image":{"@type":"ImageObject","inLanguage":"en-US","@id":"https:\/\/kic-gospic.eu\/novo\/#\/schema\/person\/image\/","url":"https:\/\/secure.gravatar.com\/avatar\/5734ffe2492ae53813f8ef8b66bf3274?s=96&d=mm&r=g","contentUrl":"https:\/\/secure.gravatar.com\/avatar\/5734ffe2492ae53813f8ef8b66bf3274?s=96&d=mm&r=g","caption":"Marina \u0160imi\u0107"},"url":"https:\/\/kic-gospic.eu\/novo\/author\/mrina\/"}]}},"_links":{"self":[{"href":"https:\/\/kic-gospic.eu\/novo\/wp-json\/wp\/v2\/posts\/17066"}],"collection":[{"href":"https:\/\/kic-gospic.eu\/novo\/wp-json\/wp\/v2\/posts"}],"about":[{"href":"https:\/\/kic-gospic.eu\/novo\/wp-json\/wp\/v2\/types\/post"}],"author":[{"embeddable":true,"href":"https:\/\/kic-gospic.eu\/novo\/wp-json\/wp\/v2\/users\/5"}],"replies":[{"embeddable":true,"href":"https:\/\/kic-gospic.eu\/novo\/wp-json\/wp\/v2\/comments?post=17066"}],"version-history":[{"count":1,"href":"https:\/\/kic-gospic.eu\/novo\/wp-json\/wp\/v2\/posts\/17066\/revisions"}],"predecessor-version":[{"id":17068,"href":"https:\/\/kic-gospic.eu\/novo\/wp-json\/wp\/v2\/posts\/17066\/revisions\/17068"}],"wp:featuredmedia":[{"embeddable":true,"href":"https:\/\/kic-gospic.eu\/novo\/wp-json\/wp\/v2\/media\/17069"}],"wp:attachment":[{"href":"https:\/\/kic-gospic.eu\/novo\/wp-json\/wp\/v2\/media?parent=17066"}],"wp:term":[{"taxonomy":"category","embeddable":true,"href":"https:\/\/kic-gospic.eu\/novo\/wp-json\/wp\/v2\/categories?post=17066"},{"taxonomy":"post_tag","embeddable":true,"href":"https:\/\/kic-gospic.eu\/novo\/wp-json\/wp\/v2\/tags?post=17066"}],"curies":[{"name":"wp","href":"https:\/\/api.w.org\/{rel}","templated":true}]}}