{"id":17073,"date":"2021-07-16T06:46:43","date_gmt":"2021-07-16T06:46:43","guid":{"rendered":"http:\/\/www.kic-gospic.eu\/?p=17073"},"modified":"2021-07-16T06:59:59","modified_gmt":"2021-07-16T06:59:59","slug":"glumci-u-gospicu-odusevili-publiku","status":"publish","type":"post","link":"https:\/\/kic-gospic.eu\/novo\/glumci-u-gospicu-odusevili-publiku\/","title":{"rendered":"&#8220;Glumci u Gospi\u0107u\u201c odu\u0161evili publiku"},"content":{"rendered":"<p>Predstavom \u201eVla Vla Vlajland cabaret!\u201c u atriju KIC-a Gospi\u0107 otvoren je festival \u201eGUG- Glumci u Gospi\u0107u\u201c koji se ve\u0107 \u010detvrtu godinu odr\u017eava u na\u0161em gradu u organizaciji Umjetni\u010dke udruge \u201eArt Asi\u0107\u201c, Grada Gospi\u0107a, KIC-a Gospi\u0107 i Pu\u010dkog otvorenog u\u010dili\u0161ta \u201edr. Ante Star\u010devi\u0107\u201c Gospi\u0107. Na po\u010detku je sve okupljene pozdravio Drago Asi\u0107 ispred udruge \u201eArt Asi\u0107\u201c te naglasio kako je smisao ove manifestacije da se pozovu glumci i da se dru\u017ee s gra\u0111anima i da svima bude ugodno. \u00a0Zahvalio se Gradu Gospi\u0107u i gradona\u010delniku, dragim prijateljima, glumcima, svima, pa tako i obrtnicima Grada Gospi\u0107a koji su dali bezrezervnu podr\u0161ku, \u017eupanu i Li\u010dko-senjskoj \u017eupaniji.<\/p>\n<p>Gradona\u010delnik Karlo Star\u010devi\u0107 po\u017eelio je dobrodo\u0161licu glumicama i glumcima, te naglasio kako je broj okupljenih znak da je njihova odluka bila doista dobra, \u010detiri godine nije puno, ali ako se nastavi jo\u0161 \u010detiri to \u0107e onda postati tradicija. Zahvalio se gospodinu Asi\u0107u koji je do\u0161ao s ovom idejom kako bi svi u\u017eivali.<\/p>\n<p>Prvu ve\u010der GUG-a s predstavom \u201eVla Vla Vlajland cabaret!\u201c otvorila je glumica Ecija Ojdani\u0107 koja je naglasila kako je jako sretna i uzbu\u0111ena \u0161to \u0107e nastupati pred ovolikom publikom u kojoj je puno njenih prijatelja i kolega glumaca,\u00a0 te da je lijepo kada ne\u010dija inicijativa urodi plodom, pogotovo kulturne manifestacije s obzirom na godinu i pol stanke.<\/p>\n<p>Tako je gospi\u0107ka publika uz pregr\u0161t smijeha i zabave provela kulturnu ve\u010der u atmosferi, koja se nastavlja i sutra.<\/p>\n<p>&nbsp;<\/p>\n<p>Iva Talaji\u0107 \/ RADIO GOSPI\u0106<\/p>\n<p>&nbsp;<\/p>\n<div class=\"clear20\"><\/div><h4 class=\"naslov-galerija-post\"><i class=\"fa fa-camera\"><\/i> <strong>Fotogalerija<\/strong> <\/h4> \n<div id=\"containerdiary\" class=\"js-masonry\">\n<div class=\"itemdiary\">\n<a href=\"https:\/\/kic-gospic.eu\/novo\/wp-content\/uploads\/2021\/07\/DSC_0196.jpg\" rel=\"17073\"><img decoding=\"async\" src=\"https:\/\/kic-gospic.eu\/novo\/wp-content\/uploads\/2021\/07\/DSC_0196-235x157.jpg\" alt=\"\"  class=\"img-responsive slikadiary\" \/><\/a>\n<\/div>\n<div class=\"itemdiary\">\n<a href=\"https:\/\/kic-gospic.eu\/novo\/wp-content\/uploads\/2021\/07\/DSC_0185-1.jpg\" rel=\"17073\"><img decoding=\"async\" src=\"https:\/\/kic-gospic.eu\/novo\/wp-content\/uploads\/2021\/07\/DSC_0185-1-235x157.jpg\" alt=\"\"  class=\"img-responsive slikadiary\" \/><\/a>\n<\/div>\n<div class=\"itemdiary\">\n<a href=\"https:\/\/kic-gospic.eu\/novo\/wp-content\/uploads\/2021\/07\/DSC_0187-1.jpg\" rel=\"17073\"><img decoding=\"async\" src=\"https:\/\/kic-gospic.eu\/novo\/wp-content\/uploads\/2021\/07\/DSC_0187-1-235x157.jpg\" alt=\"\"  class=\"img-responsive slikadiary\" \/><\/a>\n<\/div>\n<div class=\"itemdiary\">\n<a href=\"https:\/\/kic-gospic.eu\/novo\/wp-content\/uploads\/2021\/07\/DSC_0188-1.jpg\" rel=\"17073\"><img decoding=\"async\" src=\"https:\/\/kic-gospic.eu\/novo\/wp-content\/uploads\/2021\/07\/DSC_0188-1-235x157.jpg\" alt=\"\"  class=\"img-responsive slikadiary\" \/><\/a>\n<\/div>\n<div class=\"itemdiary\">\n<a href=\"https:\/\/kic-gospic.eu\/novo\/wp-content\/uploads\/2021\/07\/DSC_0189-1.jpg\" rel=\"17073\"><img decoding=\"async\" src=\"https:\/\/kic-gospic.eu\/novo\/wp-content\/uploads\/2021\/07\/DSC_0189-1-235x157.jpg\" alt=\"\"  class=\"img-responsive slikadiary\" \/><\/a>\n<\/div>\n<div class=\"itemdiary\">\n<a href=\"https:\/\/kic-gospic.eu\/novo\/wp-content\/uploads\/2021\/07\/DSC_0190-1.jpg\" rel=\"17073\"><img decoding=\"async\" src=\"https:\/\/kic-gospic.eu\/novo\/wp-content\/uploads\/2021\/07\/DSC_0190-1-235x157.jpg\" alt=\"\"  class=\"img-responsive slikadiary\" \/><\/a>\n<\/div>\n<div class=\"itemdiary\">\n<a href=\"https:\/\/kic-gospic.eu\/novo\/wp-content\/uploads\/2021\/07\/DSC_0191-1.jpg\" rel=\"17073\"><img decoding=\"async\" src=\"https:\/\/kic-gospic.eu\/novo\/wp-content\/uploads\/2021\/07\/DSC_0191-1-235x157.jpg\" alt=\"\"  class=\"img-responsive slikadiary\" \/><\/a>\n<\/div>\n<div class=\"itemdiary\">\n<a href=\"https:\/\/kic-gospic.eu\/novo\/wp-content\/uploads\/2021\/07\/DSC_0192-1.jpg\" rel=\"17073\"><img decoding=\"async\" src=\"https:\/\/kic-gospic.eu\/novo\/wp-content\/uploads\/2021\/07\/DSC_0192-1-235x157.jpg\" alt=\"\"  class=\"img-responsive slikadiary\" \/><\/a>\n<\/div>\n<div class=\"itemdiary\">\n<a href=\"https:\/\/kic-gospic.eu\/novo\/wp-content\/uploads\/2021\/07\/DSC_0193-1.jpg\" rel=\"17073\"><img decoding=\"async\" src=\"https:\/\/kic-gospic.eu\/novo\/wp-content\/uploads\/2021\/07\/DSC_0193-1-235x157.jpg\" alt=\"\"  class=\"img-responsive slikadiary\" \/><\/a>\n<\/div>\n<div class=\"itemdiary\">\n<a href=\"https:\/\/kic-gospic.eu\/novo\/wp-content\/uploads\/2021\/07\/DSC_0196-1.jpg\" rel=\"17073\"><img decoding=\"async\" src=\"https:\/\/kic-gospic.eu\/novo\/wp-content\/uploads\/2021\/07\/DSC_0196-1-235x157.jpg\" alt=\"\"  class=\"img-responsive slikadiary\" \/><\/a>\n<\/div>\n<div class=\"itemdiary\">\n<a href=\"https:\/\/kic-gospic.eu\/novo\/wp-content\/uploads\/2021\/07\/DSC_0198-1-rotated.jpg\" rel=\"17073\"><img decoding=\"async\" src=\"https:\/\/kic-gospic.eu\/novo\/wp-content\/uploads\/2021\/07\/DSC_0198-1-rotated-235x353.jpg\" alt=\"\"  class=\"img-responsive slikadiary\" \/><\/a>\n<\/div>\n<div class=\"itemdiary\">\n<a href=\"https:\/\/kic-gospic.eu\/novo\/wp-content\/uploads\/2021\/07\/DSC_0200-1.jpg\" rel=\"17073\"><img decoding=\"async\" src=\"https:\/\/kic-gospic.eu\/novo\/wp-content\/uploads\/2021\/07\/DSC_0200-1-235x157.jpg\" alt=\"\"  class=\"img-responsive slikadiary\" \/><\/a>\n<\/div>\n<div class=\"itemdiary\">\n<a href=\"https:\/\/kic-gospic.eu\/novo\/wp-content\/uploads\/2021\/07\/DSC_0201-1.jpg\" rel=\"17073\"><img decoding=\"async\" src=\"https:\/\/kic-gospic.eu\/novo\/wp-content\/uploads\/2021\/07\/DSC_0201-1-235x157.jpg\" alt=\"\"  class=\"img-responsive slikadiary\" \/><\/a>\n<\/div>\n<div class=\"itemdiary\">\n<a href=\"https:\/\/kic-gospic.eu\/novo\/wp-content\/uploads\/2021\/07\/DSC_0203-1.jpg\" rel=\"17073\"><img decoding=\"async\" src=\"https:\/\/kic-gospic.eu\/novo\/wp-content\/uploads\/2021\/07\/DSC_0203-1-235x157.jpg\" alt=\"\"  class=\"img-responsive slikadiary\" \/><\/a>\n<\/div>\n<div class=\"itemdiary\">\n<a href=\"https:\/\/kic-gospic.eu\/novo\/wp-content\/uploads\/2021\/07\/DSC_0204-1.jpg\" rel=\"17073\"><img decoding=\"async\" src=\"https:\/\/kic-gospic.eu\/novo\/wp-content\/uploads\/2021\/07\/DSC_0204-1-235x157.jpg\" alt=\"\"  class=\"img-responsive slikadiary\" \/><\/a>\n<\/div>\n<div class=\"itemdiary\">\n<a href=\"https:\/\/kic-gospic.eu\/novo\/wp-content\/uploads\/2021\/07\/DSC_0205-1.jpg\" rel=\"17073\"><img decoding=\"async\" src=\"https:\/\/kic-gospic.eu\/novo\/wp-content\/uploads\/2021\/07\/DSC_0205-1-235x157.jpg\" alt=\"\"  class=\"img-responsive slikadiary\" \/><\/a>\n<\/div>\n<div class=\"itemdiary\">\n<a href=\"https:\/\/kic-gospic.eu\/novo\/wp-content\/uploads\/2021\/07\/DSC_0206-1-rotated.jpg\" rel=\"17073\"><img decoding=\"async\" src=\"https:\/\/kic-gospic.eu\/novo\/wp-content\/uploads\/2021\/07\/DSC_0206-1-rotated-235x353.jpg\" alt=\"\"  class=\"img-responsive slikadiary\" \/><\/a>\n<\/div>\n<div class=\"itemdiary\">\n<a href=\"https:\/\/kic-gospic.eu\/novo\/wp-content\/uploads\/2021\/07\/DSC_0208-1.jpg\" rel=\"17073\"><img decoding=\"async\" src=\"https:\/\/kic-gospic.eu\/novo\/wp-content\/uploads\/2021\/07\/DSC_0208-1-235x157.jpg\" alt=\"\"  class=\"img-responsive slikadiary\" \/><\/a>\n<\/div>\n<div class=\"itemdiary\">\n<a href=\"https:\/\/kic-gospic.eu\/novo\/wp-content\/uploads\/2021\/07\/DSC_0209-1.jpg\" rel=\"17073\"><img decoding=\"async\" src=\"https:\/\/kic-gospic.eu\/novo\/wp-content\/uploads\/2021\/07\/DSC_0209-1-235x157.jpg\" alt=\"\"  class=\"img-responsive slikadiary\" \/><\/a>\n<\/div>\n<div class=\"itemdiary\">\n<a href=\"https:\/\/kic-gospic.eu\/novo\/wp-content\/uploads\/2021\/07\/DSC_0210-1-rotated.jpg\" rel=\"17073\"><img decoding=\"async\" src=\"https:\/\/kic-gospic.eu\/novo\/wp-content\/uploads\/2021\/07\/DSC_0210-1-rotated-235x353.jpg\" alt=\"\"  class=\"img-responsive slikadiary\" \/><\/a>\n<\/div>\n<div class=\"itemdiary\">\n<a href=\"https:\/\/kic-gospic.eu\/novo\/wp-content\/uploads\/2021\/07\/DSC_0211-2-rotated.jpg\" rel=\"17073\"><img decoding=\"async\" src=\"https:\/\/kic-gospic.eu\/novo\/wp-content\/uploads\/2021\/07\/DSC_0211-2-rotated-235x353.jpg\" alt=\"\"  class=\"img-responsive slikadiary\" \/><\/a>\n<\/div>\n<div class=\"itemdiary\">\n<a href=\"https:\/\/kic-gospic.eu\/novo\/wp-content\/uploads\/2021\/07\/DSC_0212-1-rotated.jpg\" rel=\"17073\"><img decoding=\"async\" src=\"https:\/\/kic-gospic.eu\/novo\/wp-content\/uploads\/2021\/07\/DSC_0212-1-rotated-235x353.jpg\" alt=\"\"  class=\"img-responsive slikadiary\" \/><\/a>\n<\/div>\n<div class=\"itemdiary\">\n<a href=\"https:\/\/kic-gospic.eu\/novo\/wp-content\/uploads\/2021\/07\/DSC_0213-1-rotated.jpg\" rel=\"17073\"><img decoding=\"async\" src=\"https:\/\/kic-gospic.eu\/novo\/wp-content\/uploads\/2021\/07\/DSC_0213-1-rotated-235x353.jpg\" alt=\"\"  class=\"img-responsive slikadiary\" \/><\/a>\n<\/div>\n<div class=\"itemdiary\">\n<a href=\"https:\/\/kic-gospic.eu\/novo\/wp-content\/uploads\/2021\/07\/DSC_0214-1-rotated.jpg\" rel=\"17073\"><img decoding=\"async\" src=\"https:\/\/kic-gospic.eu\/novo\/wp-content\/uploads\/2021\/07\/DSC_0214-1-rotated-235x353.jpg\" alt=\"\"  class=\"img-responsive slikadiary\" \/><\/a>\n<\/div>\n<div class=\"itemdiary\">\n<a href=\"https:\/\/kic-gospic.eu\/novo\/wp-content\/uploads\/2021\/07\/DSC_0216-1.jpg\" rel=\"17073\"><img decoding=\"async\" src=\"https:\/\/kic-gospic.eu\/novo\/wp-content\/uploads\/2021\/07\/DSC_0216-1-235x157.jpg\" alt=\"\"  class=\"img-responsive slikadiary\" \/><\/a>\n<\/div>\n<\/div><div class=\"clear30\">\n\n<p>&nbsp;<\/p>\n","protected":false},"excerpt":{"rendered":"<p>Predstavom \u201eVla Vla Vlajland cabaret!\u201c u atriju KIC-a Gospi\u0107 otvoren je festival \u201eGUG- Glumci u Gospi\u0107u\u201c koji se ve\u0107 \u010detvrtu godinu odr\u017eava u na\u0161em gradu u organizaciji Umjetni\u010dke udruge \u201eArt Asi\u0107\u201c, Grada Gospi\u0107a, KIC-a Gospi\u0107 i Pu\u010dkog otvorenog u\u010dili\u0161ta \u201edr. Ante Star\u010devi\u0107\u201c Gospi\u0107. Na po\u010detku je sve okupljene pozdravio Drago Asi\u0107 ispred udruge \u201eArt Asi\u0107\u201c [&hellip;]<\/p>\n","protected":false},"author":5,"featured_media":17106,"comment_status":"closed","ping_status":"closed","sticky":false,"template":"","format":"standard","meta":{"footnotes":""},"categories":[1,13],"tags":[],"acf":[],"yoast_head":"<!-- This site is optimized with the Yoast SEO plugin v21.5 - https:\/\/yoast.com\/wordpress\/plugins\/seo\/ -->\n<title>&quot;Glumci u Gospi\u0107u\u201c odu\u0161evili publiku | Kulturno Informativni Centar Gospi\u0107<\/title>\n<meta name=\"robots\" content=\"index, follow, max-snippet:-1, max-image-preview:large, max-video-preview:-1\" \/>\n<link rel=\"canonical\" href=\"https:\/\/kic-gospic.eu\/novo\/glumci-u-gospicu-odusevili-publiku\/\" \/>\n<meta property=\"og:locale\" content=\"en_US\" \/>\n<meta property=\"og:type\" content=\"article\" \/>\n<meta property=\"og:title\" content=\"&quot;Glumci u Gospi\u0107u\u201c odu\u0161evili publiku | Kulturno Informativni Centar Gospi\u0107\" \/>\n<meta property=\"og:description\" content=\"Predstavom \u201eVla Vla Vlajland cabaret!\u201c u atriju KIC-a Gospi\u0107 otvoren je festival \u201eGUG- Glumci u Gospi\u0107u\u201c koji se ve\u0107 \u010detvrtu godinu odr\u017eava u na\u0161em gradu u organizaciji Umjetni\u010dke udruge \u201eArt Asi\u0107\u201c, Grada Gospi\u0107a, KIC-a Gospi\u0107 i Pu\u010dkog otvorenog u\u010dili\u0161ta \u201edr. Ante Star\u010devi\u0107\u201c Gospi\u0107. Na po\u010detku je sve okupljene pozdravio Drago Asi\u0107 ispred udruge \u201eArt Asi\u0107\u201c [&hellip;]\" \/>\n<meta property=\"og:url\" content=\"https:\/\/kic-gospic.eu\/novo\/glumci-u-gospicu-odusevili-publiku\/\" \/>\n<meta property=\"og:site_name\" content=\"Kulturno Informativni Centar Gospi\u0107\" \/>\n<meta property=\"article:publisher\" content=\"https:\/\/www.facebook.com\/kicgospic\/\" \/>\n<meta property=\"article:published_time\" content=\"2021-07-16T06:46:43+00:00\" \/>\n<meta property=\"article:modified_time\" content=\"2021-07-16T06:59:59+00:00\" \/>\n<meta property=\"og:image\" content=\"https:\/\/kic-gospic.eu\/novo\/wp-content\/uploads\/2021\/07\/DSC_0211-1-rotated.jpg\" \/>\n\t<meta property=\"og:image:width\" content=\"1080\" \/>\n\t<meta property=\"og:image:height\" content=\"1620\" \/>\n\t<meta property=\"og:image:type\" content=\"image\/jpeg\" \/>\n<meta name=\"author\" content=\"Marina \u0160imi\u0107\" \/>\n<meta name=\"twitter:card\" content=\"summary_large_image\" \/>\n<meta name=\"twitter:label1\" content=\"Written by\" \/>\n\t<meta name=\"twitter:data1\" content=\"Marina \u0160imi\u0107\" \/>\n\t<meta name=\"twitter:label2\" content=\"Est. reading time\" \/>\n\t<meta name=\"twitter:data2\" content=\"1 minute\" \/>\n<script type=\"application\/ld+json\" class=\"yoast-schema-graph\">{\"@context\":\"https:\/\/schema.org\",\"@graph\":[{\"@type\":\"Article\",\"@id\":\"https:\/\/kic-gospic.eu\/novo\/glumci-u-gospicu-odusevili-publiku\/#article\",\"isPartOf\":{\"@id\":\"https:\/\/kic-gospic.eu\/novo\/glumci-u-gospicu-odusevili-publiku\/\"},\"author\":{\"name\":\"Marina \u0160imi\u0107\",\"@id\":\"https:\/\/kic-gospic.eu\/novo\/#\/schema\/person\/228afda82754538a5123efd21001ba07\"},\"headline\":\"&#8220;Glumci u Gospi\u0107u\u201c odu\u0161evili publiku\",\"datePublished\":\"2021-07-16T06:46:43+00:00\",\"dateModified\":\"2021-07-16T06:59:59+00:00\",\"mainEntityOfPage\":{\"@id\":\"https:\/\/kic-gospic.eu\/novo\/glumci-u-gospicu-odusevili-publiku\/\"},\"wordCount\":278,\"publisher\":{\"@id\":\"https:\/\/kic-gospic.eu\/novo\/#organization\"},\"articleSection\":[\"KIC\",\"Izdvojeno\"],\"inLanguage\":\"en-US\"},{\"@type\":\"WebPage\",\"@id\":\"https:\/\/kic-gospic.eu\/novo\/glumci-u-gospicu-odusevili-publiku\/\",\"url\":\"https:\/\/kic-gospic.eu\/novo\/glumci-u-gospicu-odusevili-publiku\/\",\"name\":\"\\\"Glumci u Gospi\u0107u\u201c odu\u0161evili publiku | Kulturno Informativni Centar Gospi\u0107\",\"isPartOf\":{\"@id\":\"https:\/\/kic-gospic.eu\/novo\/#website\"},\"datePublished\":\"2021-07-16T06:46:43+00:00\",\"dateModified\":\"2021-07-16T06:59:59+00:00\",\"breadcrumb\":{\"@id\":\"https:\/\/kic-gospic.eu\/novo\/glumci-u-gospicu-odusevili-publiku\/#breadcrumb\"},\"inLanguage\":\"en-US\",\"potentialAction\":[{\"@type\":\"ReadAction\",\"target\":[\"https:\/\/kic-gospic.eu\/novo\/glumci-u-gospicu-odusevili-publiku\/\"]}]},{\"@type\":\"BreadcrumbList\",\"@id\":\"https:\/\/kic-gospic.eu\/novo\/glumci-u-gospicu-odusevili-publiku\/#breadcrumb\",\"itemListElement\":[{\"@type\":\"ListItem\",\"position\":1,\"name\":\"Home\",\"item\":\"https:\/\/kic-gospic.eu\/novo\/\"},{\"@type\":\"ListItem\",\"position\":2,\"name\":\"&#8220;Glumci u Gospi\u0107u\u201c odu\u0161evili publiku\"}]},{\"@type\":\"WebSite\",\"@id\":\"https:\/\/kic-gospic.eu\/novo\/#website\",\"url\":\"https:\/\/kic-gospic.eu\/novo\/\",\"name\":\"Kulturno Informativni Centar Gospi\u0107\",\"description\":\"\",\"publisher\":{\"@id\":\"https:\/\/kic-gospic.eu\/novo\/#organization\"},\"potentialAction\":[{\"@type\":\"SearchAction\",\"target\":{\"@type\":\"EntryPoint\",\"urlTemplate\":\"https:\/\/kic-gospic.eu\/novo\/?s={search_term_string}\"},\"query-input\":\"required name=search_term_string\"}],\"inLanguage\":\"en-US\"},{\"@type\":\"Organization\",\"@id\":\"https:\/\/kic-gospic.eu\/novo\/#organization\",\"name\":\"Kulturno Informativni Centar\",\"url\":\"https:\/\/kic-gospic.eu\/novo\/\",\"logo\":{\"@type\":\"ImageObject\",\"inLanguage\":\"en-US\",\"@id\":\"https:\/\/kic-gospic.eu\/novo\/#\/schema\/logo\/image\/\",\"url\":\"http:\/\/www.kic-gospic.eu\/wp-content\/uploads\/2017\/02\/kic-gospic-logo.jpg\",\"contentUrl\":\"http:\/\/www.kic-gospic.eu\/wp-content\/uploads\/2017\/02\/kic-gospic-logo.jpg\",\"width\":150,\"height\":150,\"caption\":\"Kulturno Informativni Centar\"},\"image\":{\"@id\":\"https:\/\/kic-gospic.eu\/novo\/#\/schema\/logo\/image\/\"},\"sameAs\":[\"https:\/\/www.facebook.com\/kicgospic\/\"]},{\"@type\":\"Person\",\"@id\":\"https:\/\/kic-gospic.eu\/novo\/#\/schema\/person\/228afda82754538a5123efd21001ba07\",\"name\":\"Marina \u0160imi\u0107\",\"image\":{\"@type\":\"ImageObject\",\"inLanguage\":\"en-US\",\"@id\":\"https:\/\/kic-gospic.eu\/novo\/#\/schema\/person\/image\/\",\"url\":\"https:\/\/secure.gravatar.com\/avatar\/5734ffe2492ae53813f8ef8b66bf3274?s=96&d=mm&r=g\",\"contentUrl\":\"https:\/\/secure.gravatar.com\/avatar\/5734ffe2492ae53813f8ef8b66bf3274?s=96&d=mm&r=g\",\"caption\":\"Marina \u0160imi\u0107\"},\"url\":\"https:\/\/kic-gospic.eu\/novo\/author\/mrina\/\"}]}<\/script>\n<!-- \/ Yoast SEO plugin. -->","yoast_head_json":{"title":"\"Glumci u Gospi\u0107u\u201c odu\u0161evili publiku | Kulturno Informativni Centar Gospi\u0107","robots":{"index":"index","follow":"follow","max-snippet":"max-snippet:-1","max-image-preview":"max-image-preview:large","max-video-preview":"max-video-preview:-1"},"canonical":"https:\/\/kic-gospic.eu\/novo\/glumci-u-gospicu-odusevili-publiku\/","og_locale":"en_US","og_type":"article","og_title":"\"Glumci u Gospi\u0107u\u201c odu\u0161evili publiku | Kulturno Informativni Centar Gospi\u0107","og_description":"Predstavom \u201eVla Vla Vlajland cabaret!\u201c u atriju KIC-a Gospi\u0107 otvoren je festival \u201eGUG- Glumci u Gospi\u0107u\u201c koji se ve\u0107 \u010detvrtu godinu odr\u017eava u na\u0161em gradu u organizaciji Umjetni\u010dke udruge \u201eArt Asi\u0107\u201c, Grada Gospi\u0107a, KIC-a Gospi\u0107 i Pu\u010dkog otvorenog u\u010dili\u0161ta \u201edr. Ante Star\u010devi\u0107\u201c Gospi\u0107. Na po\u010detku je sve okupljene pozdravio Drago Asi\u0107 ispred udruge \u201eArt Asi\u0107\u201c [&hellip;]","og_url":"https:\/\/kic-gospic.eu\/novo\/glumci-u-gospicu-odusevili-publiku\/","og_site_name":"Kulturno Informativni Centar Gospi\u0107","article_publisher":"https:\/\/www.facebook.com\/kicgospic\/","article_published_time":"2021-07-16T06:46:43+00:00","article_modified_time":"2021-07-16T06:59:59+00:00","og_image":[{"width":1080,"height":1620,"url":"https:\/\/kic-gospic.eu\/novo\/wp-content\/uploads\/2021\/07\/DSC_0211-1-rotated.jpg","type":"image\/jpeg"}],"author":"Marina \u0160imi\u0107","twitter_card":"summary_large_image","twitter_misc":{"Written by":"Marina \u0160imi\u0107","Est. reading time":"1 minute"},"schema":{"@context":"https:\/\/schema.org","@graph":[{"@type":"Article","@id":"https:\/\/kic-gospic.eu\/novo\/glumci-u-gospicu-odusevili-publiku\/#article","isPartOf":{"@id":"https:\/\/kic-gospic.eu\/novo\/glumci-u-gospicu-odusevili-publiku\/"},"author":{"name":"Marina \u0160imi\u0107","@id":"https:\/\/kic-gospic.eu\/novo\/#\/schema\/person\/228afda82754538a5123efd21001ba07"},"headline":"&#8220;Glumci u Gospi\u0107u\u201c odu\u0161evili publiku","datePublished":"2021-07-16T06:46:43+00:00","dateModified":"2021-07-16T06:59:59+00:00","mainEntityOfPage":{"@id":"https:\/\/kic-gospic.eu\/novo\/glumci-u-gospicu-odusevili-publiku\/"},"wordCount":278,"publisher":{"@id":"https:\/\/kic-gospic.eu\/novo\/#organization"},"articleSection":["KIC","Izdvojeno"],"inLanguage":"en-US"},{"@type":"WebPage","@id":"https:\/\/kic-gospic.eu\/novo\/glumci-u-gospicu-odusevili-publiku\/","url":"https:\/\/kic-gospic.eu\/novo\/glumci-u-gospicu-odusevili-publiku\/","name":"\"Glumci u Gospi\u0107u\u201c odu\u0161evili publiku | Kulturno Informativni Centar Gospi\u0107","isPartOf":{"@id":"https:\/\/kic-gospic.eu\/novo\/#website"},"datePublished":"2021-07-16T06:46:43+00:00","dateModified":"2021-07-16T06:59:59+00:00","breadcrumb":{"@id":"https:\/\/kic-gospic.eu\/novo\/glumci-u-gospicu-odusevili-publiku\/#breadcrumb"},"inLanguage":"en-US","potentialAction":[{"@type":"ReadAction","target":["https:\/\/kic-gospic.eu\/novo\/glumci-u-gospicu-odusevili-publiku\/"]}]},{"@type":"BreadcrumbList","@id":"https:\/\/kic-gospic.eu\/novo\/glumci-u-gospicu-odusevili-publiku\/#breadcrumb","itemListElement":[{"@type":"ListItem","position":1,"name":"Home","item":"https:\/\/kic-gospic.eu\/novo\/"},{"@type":"ListItem","position":2,"name":"&#8220;Glumci u Gospi\u0107u\u201c odu\u0161evili publiku"}]},{"@type":"WebSite","@id":"https:\/\/kic-gospic.eu\/novo\/#website","url":"https:\/\/kic-gospic.eu\/novo\/","name":"Kulturno Informativni Centar Gospi\u0107","description":"","publisher":{"@id":"https:\/\/kic-gospic.eu\/novo\/#organization"},"potentialAction":[{"@type":"SearchAction","target":{"@type":"EntryPoint","urlTemplate":"https:\/\/kic-gospic.eu\/novo\/?s={search_term_string}"},"query-input":"required name=search_term_string"}],"inLanguage":"en-US"},{"@type":"Organization","@id":"https:\/\/kic-gospic.eu\/novo\/#organization","name":"Kulturno Informativni Centar","url":"https:\/\/kic-gospic.eu\/novo\/","logo":{"@type":"ImageObject","inLanguage":"en-US","@id":"https:\/\/kic-gospic.eu\/novo\/#\/schema\/logo\/image\/","url":"http:\/\/www.kic-gospic.eu\/wp-content\/uploads\/2017\/02\/kic-gospic-logo.jpg","contentUrl":"http:\/\/www.kic-gospic.eu\/wp-content\/uploads\/2017\/02\/kic-gospic-logo.jpg","width":150,"height":150,"caption":"Kulturno Informativni Centar"},"image":{"@id":"https:\/\/kic-gospic.eu\/novo\/#\/schema\/logo\/image\/"},"sameAs":["https:\/\/www.facebook.com\/kicgospic\/"]},{"@type":"Person","@id":"https:\/\/kic-gospic.eu\/novo\/#\/schema\/person\/228afda82754538a5123efd21001ba07","name":"Marina \u0160imi\u0107","image":{"@type":"ImageObject","inLanguage":"en-US","@id":"https:\/\/kic-gospic.eu\/novo\/#\/schema\/person\/image\/","url":"https:\/\/secure.gravatar.com\/avatar\/5734ffe2492ae53813f8ef8b66bf3274?s=96&d=mm&r=g","contentUrl":"https:\/\/secure.gravatar.com\/avatar\/5734ffe2492ae53813f8ef8b66bf3274?s=96&d=mm&r=g","caption":"Marina \u0160imi\u0107"},"url":"https:\/\/kic-gospic.eu\/novo\/author\/mrina\/"}]}},"_links":{"self":[{"href":"https:\/\/kic-gospic.eu\/novo\/wp-json\/wp\/v2\/posts\/17073"}],"collection":[{"href":"https:\/\/kic-gospic.eu\/novo\/wp-json\/wp\/v2\/posts"}],"about":[{"href":"https:\/\/kic-gospic.eu\/novo\/wp-json\/wp\/v2\/types\/post"}],"author":[{"embeddable":true,"href":"https:\/\/kic-gospic.eu\/novo\/wp-json\/wp\/v2\/users\/5"}],"replies":[{"embeddable":true,"href":"https:\/\/kic-gospic.eu\/novo\/wp-json\/wp\/v2\/comments?post=17073"}],"version-history":[{"count":3,"href":"https:\/\/kic-gospic.eu\/novo\/wp-json\/wp\/v2\/posts\/17073\/revisions"}],"predecessor-version":[{"id":17134,"href":"https:\/\/kic-gospic.eu\/novo\/wp-json\/wp\/v2\/posts\/17073\/revisions\/17134"}],"wp:featuredmedia":[{"embeddable":true,"href":"https:\/\/kic-gospic.eu\/novo\/wp-json\/wp\/v2\/media\/17106"}],"wp:attachment":[{"href":"https:\/\/kic-gospic.eu\/novo\/wp-json\/wp\/v2\/media?parent=17073"}],"wp:term":[{"taxonomy":"category","embeddable":true,"href":"https:\/\/kic-gospic.eu\/novo\/wp-json\/wp\/v2\/categories?post=17073"},{"taxonomy":"post_tag","embeddable":true,"href":"https:\/\/kic-gospic.eu\/novo\/wp-json\/wp\/v2\/tags?post=17073"}],"curies":[{"name":"wp","href":"https:\/\/api.w.org\/{rel}","templated":true}]}}