{"id":17186,"date":"2021-12-07T13:14:05","date_gmt":"2021-12-07T13:14:05","guid":{"rendered":"http:\/\/www.kic-gospic.eu\/?p=17186"},"modified":"2021-12-07T13:21:35","modified_gmt":"2021-12-07T13:21:35","slug":"zapocela-manifestacija-advent-u-gospicu","status":"publish","type":"post","link":"https:\/\/kic-gospic.eu\/novo\/zapocela-manifestacija-advent-u-gospicu\/","title":{"rendered":"Zapo\u010dela manifestacija &#8220;Advent u Gospi\u0107u&#8221;"},"content":{"rendered":"<p>Otvorenjem klizali\u0161ta na Trgu Stjepana Radi\u0107a zapo\u010dela je manifestacija &#8220;<strong>Advent u Gospi\u0107u<\/strong>&#8220;. Osim klizanja, mali\u0161ane je razveselio i dolazak Svetog Nikole koji je u ime Grada Gospi\u0107a podijelio 300-tinjak poklona i proglasio klizali\u0161te otvorenim. Uvertira je ovo u \u0161arolik\u00a0 blagdanski program koji nas o\u010dekuje tijekom cijelog mjeseca prosinca u na\u0161em gradu.<\/p>\n<p>&nbsp;<\/p>\n<p><a href=\"http:\/\/www.kic-gospic.eu\/wp-content\/uploads\/2021\/12\/KLIZALISTE.png\">\u00a0 \u00a0 \u00a0 \u00a0 \u00a0 \u00a0 \u00a0 \u00a0 \u00a0 \u00a0 \u00a0 \u00a0 \u00a0 \u00a0 \u00a0 \u00a0 \u00a0 \u00a0 \u00a0 \u00a0 \u00a0 \u00a0 \u00a0 \u00a0 \u00a0 \u00a0 \u00a0 \u00a0 \u00a0 \u00a0 \u00a0 \u00a0 \u00a0 \u00a0 \u00a0 \u00a0 \u00a0 \u00a0 \u00a0 \u00a0 \u00a0 \u00a0 \u00a0 \u00a0 \u00a0 \u00a0 \u00a0 \u00a0 \u00a0 \u00a0 \u00a0 \u00a0 \u00a0 \u00a0 \u00a0 \u00a0 \u00a0 \u00a0 \u00a0 \u00a0 \u00a0 \u00a0 \u00a0 \u00a0 \u00a0 \u00a0 \u00a0 \u00a0 \u00a0 \u00a0 \u00a0 \u00a0 \u00a0 \u00a0 \u00a0 \u00a0 \u00a0 \u00a0 \u00a0 \u00a0 \u00a0 \u00a0 \u00a0 \u00a0 \u00a0 \u00a0 \u00a0 \u00a0 \u00a0 \u00a0 <img loading=\"lazy\" decoding=\"async\" class=\"alignnone size-medium wp-image-17192\" src=\"http:\/\/www.kic-gospic.eu\/wp-content\/uploads\/2021\/12\/KLIZALISTE-214x300.png\" alt=\"\" width=\"214\" height=\"300\" srcset=\"https:\/\/kic-gospic.eu\/novo\/wp-content\/uploads\/2021\/12\/KLIZALISTE-214x300.png 214w, https:\/\/kic-gospic.eu\/novo\/wp-content\/uploads\/2021\/12\/KLIZALISTE.png 730w\" sizes=\"(max-width: 214px) 100vw, 214px\" \/><\/a><\/p>\n","protected":false},"excerpt":{"rendered":"<p>Otvorenjem klizali\u0161ta na Trgu Stjepana Radi\u0107a zapo\u010dela je manifestacija &#8220;Advent u Gospi\u0107u&#8220;. Osim klizanja, mali\u0161ane je razveselio i dolazak Svetog Nikole koji je u ime Grada Gospi\u0107a podijelio 300-tinjak poklona i proglasio klizali\u0161te otvorenim. Uvertira je ovo u \u0161arolik\u00a0 blagdanski program koji nas o\u010dekuje tijekom cijelog mjeseca prosinca u na\u0161em gradu. &nbsp; \u00a0 \u00a0 \u00a0 [&hellip;]<\/p>\n","protected":false},"author":5,"featured_media":17182,"comment_status":"closed","ping_status":"closed","sticky":false,"template":"","format":"standard","meta":{"footnotes":""},"categories":[1,13],"tags":[],"acf":[],"yoast_head":"<!-- This site is optimized with the Yoast SEO plugin v21.5 - https:\/\/yoast.com\/wordpress\/plugins\/seo\/ -->\n<title>Zapo\u010dela manifestacija &quot;Advent u Gospi\u0107u&quot; | Kulturno Informativni Centar Gospi\u0107<\/title>\n<meta name=\"robots\" content=\"index, follow, max-snippet:-1, max-image-preview:large, max-video-preview:-1\" \/>\n<link rel=\"canonical\" href=\"https:\/\/kic-gospic.eu\/novo\/zapocela-manifestacija-advent-u-gospicu\/\" \/>\n<meta property=\"og:locale\" content=\"en_US\" \/>\n<meta property=\"og:type\" content=\"article\" \/>\n<meta property=\"og:title\" content=\"Zapo\u010dela manifestacija &quot;Advent u Gospi\u0107u&quot; | Kulturno Informativni Centar Gospi\u0107\" \/>\n<meta property=\"og:description\" content=\"Otvorenjem klizali\u0161ta na Trgu Stjepana Radi\u0107a zapo\u010dela je manifestacija &#8220;Advent u Gospi\u0107u&#8220;. Osim klizanja, mali\u0161ane je razveselio i dolazak Svetog Nikole koji je u ime Grada Gospi\u0107a podijelio 300-tinjak poklona i proglasio klizali\u0161te otvorenim. Uvertira je ovo u \u0161arolik\u00a0 blagdanski program koji nas o\u010dekuje tijekom cijelog mjeseca prosinca u na\u0161em gradu. &nbsp; \u00a0 \u00a0 \u00a0 [&hellip;]\" \/>\n<meta property=\"og:url\" content=\"https:\/\/kic-gospic.eu\/novo\/zapocela-manifestacija-advent-u-gospicu\/\" \/>\n<meta property=\"og:site_name\" content=\"Kulturno Informativni Centar Gospi\u0107\" \/>\n<meta property=\"article:publisher\" content=\"https:\/\/www.facebook.com\/kicgospic\/\" \/>\n<meta property=\"article:published_time\" content=\"2021-12-07T13:14:05+00:00\" \/>\n<meta property=\"article:modified_time\" content=\"2021-12-07T13:21:35+00:00\" \/>\n<meta property=\"og:image\" content=\"https:\/\/kic-gospic.eu\/novo\/wp-content\/uploads\/2021\/12\/Gospic-Advent-2021.png\" \/>\n\t<meta property=\"og:image:width\" content=\"730\" \/>\n\t<meta property=\"og:image:height\" content=\"1024\" \/>\n\t<meta property=\"og:image:type\" content=\"image\/png\" \/>\n<meta name=\"author\" content=\"Marina \u0160imi\u0107\" \/>\n<meta name=\"twitter:card\" content=\"summary_large_image\" \/>\n<meta name=\"twitter:label1\" content=\"Written by\" \/>\n\t<meta name=\"twitter:data1\" content=\"Marina \u0160imi\u0107\" \/>\n<script type=\"application\/ld+json\" class=\"yoast-schema-graph\">{\"@context\":\"https:\/\/schema.org\",\"@graph\":[{\"@type\":\"Article\",\"@id\":\"https:\/\/kic-gospic.eu\/novo\/zapocela-manifestacija-advent-u-gospicu\/#article\",\"isPartOf\":{\"@id\":\"https:\/\/kic-gospic.eu\/novo\/zapocela-manifestacija-advent-u-gospicu\/\"},\"author\":{\"name\":\"Marina \u0160imi\u0107\",\"@id\":\"https:\/\/kic-gospic.eu\/novo\/#\/schema\/person\/228afda82754538a5123efd21001ba07\"},\"headline\":\"Zapo\u010dela manifestacija &#8220;Advent u Gospi\u0107u&#8221;\",\"datePublished\":\"2021-12-07T13:14:05+00:00\",\"dateModified\":\"2021-12-07T13:21:35+00:00\",\"mainEntityOfPage\":{\"@id\":\"https:\/\/kic-gospic.eu\/novo\/zapocela-manifestacija-advent-u-gospicu\/\"},\"wordCount\":68,\"publisher\":{\"@id\":\"https:\/\/kic-gospic.eu\/novo\/#organization\"},\"articleSection\":[\"KIC\",\"Izdvojeno\"],\"inLanguage\":\"en-US\"},{\"@type\":\"WebPage\",\"@id\":\"https:\/\/kic-gospic.eu\/novo\/zapocela-manifestacija-advent-u-gospicu\/\",\"url\":\"https:\/\/kic-gospic.eu\/novo\/zapocela-manifestacija-advent-u-gospicu\/\",\"name\":\"Zapo\u010dela manifestacija \\\"Advent u Gospi\u0107u\\\" | Kulturno Informativni Centar Gospi\u0107\",\"isPartOf\":{\"@id\":\"https:\/\/kic-gospic.eu\/novo\/#website\"},\"datePublished\":\"2021-12-07T13:14:05+00:00\",\"dateModified\":\"2021-12-07T13:21:35+00:00\",\"breadcrumb\":{\"@id\":\"https:\/\/kic-gospic.eu\/novo\/zapocela-manifestacija-advent-u-gospicu\/#breadcrumb\"},\"inLanguage\":\"en-US\",\"potentialAction\":[{\"@type\":\"ReadAction\",\"target\":[\"https:\/\/kic-gospic.eu\/novo\/zapocela-manifestacija-advent-u-gospicu\/\"]}]},{\"@type\":\"BreadcrumbList\",\"@id\":\"https:\/\/kic-gospic.eu\/novo\/zapocela-manifestacija-advent-u-gospicu\/#breadcrumb\",\"itemListElement\":[{\"@type\":\"ListItem\",\"position\":1,\"name\":\"Home\",\"item\":\"https:\/\/kic-gospic.eu\/novo\/\"},{\"@type\":\"ListItem\",\"position\":2,\"name\":\"Zapo\u010dela manifestacija &#8220;Advent u Gospi\u0107u&#8221;\"}]},{\"@type\":\"WebSite\",\"@id\":\"https:\/\/kic-gospic.eu\/novo\/#website\",\"url\":\"https:\/\/kic-gospic.eu\/novo\/\",\"name\":\"Kulturno Informativni Centar Gospi\u0107\",\"description\":\"\",\"publisher\":{\"@id\":\"https:\/\/kic-gospic.eu\/novo\/#organization\"},\"potentialAction\":[{\"@type\":\"SearchAction\",\"target\":{\"@type\":\"EntryPoint\",\"urlTemplate\":\"https:\/\/kic-gospic.eu\/novo\/?s={search_term_string}\"},\"query-input\":\"required name=search_term_string\"}],\"inLanguage\":\"en-US\"},{\"@type\":\"Organization\",\"@id\":\"https:\/\/kic-gospic.eu\/novo\/#organization\",\"name\":\"Kulturno Informativni Centar\",\"url\":\"https:\/\/kic-gospic.eu\/novo\/\",\"logo\":{\"@type\":\"ImageObject\",\"inLanguage\":\"en-US\",\"@id\":\"https:\/\/kic-gospic.eu\/novo\/#\/schema\/logo\/image\/\",\"url\":\"http:\/\/www.kic-gospic.eu\/wp-content\/uploads\/2017\/02\/kic-gospic-logo.jpg\",\"contentUrl\":\"http:\/\/www.kic-gospic.eu\/wp-content\/uploads\/2017\/02\/kic-gospic-logo.jpg\",\"width\":150,\"height\":150,\"caption\":\"Kulturno Informativni Centar\"},\"image\":{\"@id\":\"https:\/\/kic-gospic.eu\/novo\/#\/schema\/logo\/image\/\"},\"sameAs\":[\"https:\/\/www.facebook.com\/kicgospic\/\"]},{\"@type\":\"Person\",\"@id\":\"https:\/\/kic-gospic.eu\/novo\/#\/schema\/person\/228afda82754538a5123efd21001ba07\",\"name\":\"Marina \u0160imi\u0107\",\"image\":{\"@type\":\"ImageObject\",\"inLanguage\":\"en-US\",\"@id\":\"https:\/\/kic-gospic.eu\/novo\/#\/schema\/person\/image\/\",\"url\":\"https:\/\/secure.gravatar.com\/avatar\/5734ffe2492ae53813f8ef8b66bf3274?s=96&d=mm&r=g\",\"contentUrl\":\"https:\/\/secure.gravatar.com\/avatar\/5734ffe2492ae53813f8ef8b66bf3274?s=96&d=mm&r=g\",\"caption\":\"Marina \u0160imi\u0107\"},\"url\":\"https:\/\/kic-gospic.eu\/novo\/author\/mrina\/\"}]}<\/script>\n<!-- \/ Yoast SEO plugin. -->","yoast_head_json":{"title":"Zapo\u010dela manifestacija \"Advent u Gospi\u0107u\" | Kulturno Informativni Centar Gospi\u0107","robots":{"index":"index","follow":"follow","max-snippet":"max-snippet:-1","max-image-preview":"max-image-preview:large","max-video-preview":"max-video-preview:-1"},"canonical":"https:\/\/kic-gospic.eu\/novo\/zapocela-manifestacija-advent-u-gospicu\/","og_locale":"en_US","og_type":"article","og_title":"Zapo\u010dela manifestacija \"Advent u Gospi\u0107u\" | Kulturno Informativni Centar Gospi\u0107","og_description":"Otvorenjem klizali\u0161ta na Trgu Stjepana Radi\u0107a zapo\u010dela je manifestacija &#8220;Advent u Gospi\u0107u&#8220;. Osim klizanja, mali\u0161ane je razveselio i dolazak Svetog Nikole koji je u ime Grada Gospi\u0107a podijelio 300-tinjak poklona i proglasio klizali\u0161te otvorenim. Uvertira je ovo u \u0161arolik\u00a0 blagdanski program koji nas o\u010dekuje tijekom cijelog mjeseca prosinca u na\u0161em gradu. &nbsp; \u00a0 \u00a0 \u00a0 [&hellip;]","og_url":"https:\/\/kic-gospic.eu\/novo\/zapocela-manifestacija-advent-u-gospicu\/","og_site_name":"Kulturno Informativni Centar Gospi\u0107","article_publisher":"https:\/\/www.facebook.com\/kicgospic\/","article_published_time":"2021-12-07T13:14:05+00:00","article_modified_time":"2021-12-07T13:21:35+00:00","og_image":[{"width":730,"height":1024,"url":"https:\/\/kic-gospic.eu\/novo\/wp-content\/uploads\/2021\/12\/Gospic-Advent-2021.png","type":"image\/png"}],"author":"Marina \u0160imi\u0107","twitter_card":"summary_large_image","twitter_misc":{"Written by":"Marina \u0160imi\u0107"},"schema":{"@context":"https:\/\/schema.org","@graph":[{"@type":"Article","@id":"https:\/\/kic-gospic.eu\/novo\/zapocela-manifestacija-advent-u-gospicu\/#article","isPartOf":{"@id":"https:\/\/kic-gospic.eu\/novo\/zapocela-manifestacija-advent-u-gospicu\/"},"author":{"name":"Marina \u0160imi\u0107","@id":"https:\/\/kic-gospic.eu\/novo\/#\/schema\/person\/228afda82754538a5123efd21001ba07"},"headline":"Zapo\u010dela manifestacija &#8220;Advent u Gospi\u0107u&#8221;","datePublished":"2021-12-07T13:14:05+00:00","dateModified":"2021-12-07T13:21:35+00:00","mainEntityOfPage":{"@id":"https:\/\/kic-gospic.eu\/novo\/zapocela-manifestacija-advent-u-gospicu\/"},"wordCount":68,"publisher":{"@id":"https:\/\/kic-gospic.eu\/novo\/#organization"},"articleSection":["KIC","Izdvojeno"],"inLanguage":"en-US"},{"@type":"WebPage","@id":"https:\/\/kic-gospic.eu\/novo\/zapocela-manifestacija-advent-u-gospicu\/","url":"https:\/\/kic-gospic.eu\/novo\/zapocela-manifestacija-advent-u-gospicu\/","name":"Zapo\u010dela manifestacija \"Advent u Gospi\u0107u\" | Kulturno Informativni Centar Gospi\u0107","isPartOf":{"@id":"https:\/\/kic-gospic.eu\/novo\/#website"},"datePublished":"2021-12-07T13:14:05+00:00","dateModified":"2021-12-07T13:21:35+00:00","breadcrumb":{"@id":"https:\/\/kic-gospic.eu\/novo\/zapocela-manifestacija-advent-u-gospicu\/#breadcrumb"},"inLanguage":"en-US","potentialAction":[{"@type":"ReadAction","target":["https:\/\/kic-gospic.eu\/novo\/zapocela-manifestacija-advent-u-gospicu\/"]}]},{"@type":"BreadcrumbList","@id":"https:\/\/kic-gospic.eu\/novo\/zapocela-manifestacija-advent-u-gospicu\/#breadcrumb","itemListElement":[{"@type":"ListItem","position":1,"name":"Home","item":"https:\/\/kic-gospic.eu\/novo\/"},{"@type":"ListItem","position":2,"name":"Zapo\u010dela manifestacija &#8220;Advent u Gospi\u0107u&#8221;"}]},{"@type":"WebSite","@id":"https:\/\/kic-gospic.eu\/novo\/#website","url":"https:\/\/kic-gospic.eu\/novo\/","name":"Kulturno Informativni Centar Gospi\u0107","description":"","publisher":{"@id":"https:\/\/kic-gospic.eu\/novo\/#organization"},"potentialAction":[{"@type":"SearchAction","target":{"@type":"EntryPoint","urlTemplate":"https:\/\/kic-gospic.eu\/novo\/?s={search_term_string}"},"query-input":"required name=search_term_string"}],"inLanguage":"en-US"},{"@type":"Organization","@id":"https:\/\/kic-gospic.eu\/novo\/#organization","name":"Kulturno Informativni Centar","url":"https:\/\/kic-gospic.eu\/novo\/","logo":{"@type":"ImageObject","inLanguage":"en-US","@id":"https:\/\/kic-gospic.eu\/novo\/#\/schema\/logo\/image\/","url":"http:\/\/www.kic-gospic.eu\/wp-content\/uploads\/2017\/02\/kic-gospic-logo.jpg","contentUrl":"http:\/\/www.kic-gospic.eu\/wp-content\/uploads\/2017\/02\/kic-gospic-logo.jpg","width":150,"height":150,"caption":"Kulturno Informativni Centar"},"image":{"@id":"https:\/\/kic-gospic.eu\/novo\/#\/schema\/logo\/image\/"},"sameAs":["https:\/\/www.facebook.com\/kicgospic\/"]},{"@type":"Person","@id":"https:\/\/kic-gospic.eu\/novo\/#\/schema\/person\/228afda82754538a5123efd21001ba07","name":"Marina \u0160imi\u0107","image":{"@type":"ImageObject","inLanguage":"en-US","@id":"https:\/\/kic-gospic.eu\/novo\/#\/schema\/person\/image\/","url":"https:\/\/secure.gravatar.com\/avatar\/5734ffe2492ae53813f8ef8b66bf3274?s=96&d=mm&r=g","contentUrl":"https:\/\/secure.gravatar.com\/avatar\/5734ffe2492ae53813f8ef8b66bf3274?s=96&d=mm&r=g","caption":"Marina \u0160imi\u0107"},"url":"https:\/\/kic-gospic.eu\/novo\/author\/mrina\/"}]}},"_links":{"self":[{"href":"https:\/\/kic-gospic.eu\/novo\/wp-json\/wp\/v2\/posts\/17186"}],"collection":[{"href":"https:\/\/kic-gospic.eu\/novo\/wp-json\/wp\/v2\/posts"}],"about":[{"href":"https:\/\/kic-gospic.eu\/novo\/wp-json\/wp\/v2\/types\/post"}],"author":[{"embeddable":true,"href":"https:\/\/kic-gospic.eu\/novo\/wp-json\/wp\/v2\/users\/5"}],"replies":[{"embeddable":true,"href":"https:\/\/kic-gospic.eu\/novo\/wp-json\/wp\/v2\/comments?post=17186"}],"version-history":[{"count":3,"href":"https:\/\/kic-gospic.eu\/novo\/wp-json\/wp\/v2\/posts\/17186\/revisions"}],"predecessor-version":[{"id":17195,"href":"https:\/\/kic-gospic.eu\/novo\/wp-json\/wp\/v2\/posts\/17186\/revisions\/17195"}],"wp:featuredmedia":[{"embeddable":true,"href":"https:\/\/kic-gospic.eu\/novo\/wp-json\/wp\/v2\/media\/17182"}],"wp:attachment":[{"href":"https:\/\/kic-gospic.eu\/novo\/wp-json\/wp\/v2\/media?parent=17186"}],"wp:term":[{"taxonomy":"category","embeddable":true,"href":"https:\/\/kic-gospic.eu\/novo\/wp-json\/wp\/v2\/categories?post=17186"},{"taxonomy":"post_tag","embeddable":true,"href":"https:\/\/kic-gospic.eu\/novo\/wp-json\/wp\/v2\/tags?post=17186"}],"curies":[{"name":"wp","href":"https:\/\/api.w.org\/{rel}","templated":true}]}}