{"id":18618,"date":"2023-02-15T13:57:26","date_gmt":"2023-02-15T13:57:26","guid":{"rendered":"http:\/\/www.kic-gospic.eu\/?p=18618"},"modified":"2023-02-15T13:58:35","modified_gmt":"2023-02-15T13:58:35","slug":"odluka-o-izboru-kandidata-za-radno-mjesto-novinar_voditelj-na-neodredeno-vrijeme","status":"publish","type":"post","link":"https:\/\/kic-gospic.eu\/novo\/odluka-o-izboru-kandidata-za-radno-mjesto-novinar_voditelj-na-neodredeno-vrijeme\/","title":{"rendered":"Odluka o izboru kandidata za radno mjesto Novinar_voditelj na neodre\u0111eno vrijeme"},"content":{"rendered":"<p><a href=\"http:\/\/www.kic-gospic.eu\/wp-content\/uploads\/2018\/02\/Odluka-o-izboru-kandidata-za-radno-mjesto-Novinar_voditelj-na-neodredeno-vrijeme-1.pdf\">Odluka o izboru kandidata za radno mjesto Novinar_voditelj na neodre\u0111eno vrijeme<\/a><\/p>\n","protected":false},"excerpt":{"rendered":"<p>Odluka o izboru kandidata za radno mjesto Novinar_voditelj na neodre\u0111eno vrijeme<\/p>\n","protected":false},"author":5,"featured_media":18486,"comment_status":"closed","ping_status":"closed","sticky":false,"template":"","format":"standard","meta":{"footnotes":""},"categories":[13,101,105],"tags":[],"acf":[],"yoast_head":"<!-- This site is optimized with the Yoast SEO plugin v21.5 - https:\/\/yoast.com\/wordpress\/plugins\/seo\/ -->\n<title>Odluka o izboru kandidata za radno mjesto Novinar_voditelj na neodre\u0111eno vrijeme | Kulturno Informativni Centar Gospi\u0107<\/title>\n<meta name=\"robots\" content=\"index, follow, max-snippet:-1, max-image-preview:large, max-video-preview:-1\" \/>\n<link rel=\"canonical\" href=\"https:\/\/kic-gospic.eu\/novo\/odluka-o-izboru-kandidata-za-radno-mjesto-novinar_voditelj-na-neodredeno-vrijeme\/\" \/>\n<meta property=\"og:locale\" content=\"en_US\" \/>\n<meta property=\"og:type\" content=\"article\" \/>\n<meta property=\"og:title\" content=\"Odluka o izboru kandidata za radno mjesto Novinar_voditelj na neodre\u0111eno vrijeme | Kulturno Informativni Centar Gospi\u0107\" \/>\n<meta property=\"og:description\" content=\"Odluka o izboru kandidata za radno mjesto Novinar_voditelj na neodre\u0111eno vrijeme\" \/>\n<meta property=\"og:url\" content=\"https:\/\/kic-gospic.eu\/novo\/odluka-o-izboru-kandidata-za-radno-mjesto-novinar_voditelj-na-neodredeno-vrijeme\/\" \/>\n<meta property=\"og:site_name\" content=\"Kulturno Informativni Centar Gospi\u0107\" \/>\n<meta property=\"article:publisher\" content=\"https:\/\/www.facebook.com\/kicgospic\/\" \/>\n<meta property=\"article:published_time\" content=\"2023-02-15T13:57:26+00:00\" \/>\n<meta property=\"article:modified_time\" content=\"2023-02-15T13:58:35+00:00\" \/>\n<meta property=\"og:image\" content=\"https:\/\/kic-gospic.eu\/novo\/wp-content\/uploads\/2022\/12\/natjecaj-radio.jpg\" \/>\n\t<meta property=\"og:image:width\" content=\"1191\" \/>\n\t<meta property=\"og:image:height\" content=\"842\" \/>\n\t<meta property=\"og:image:type\" content=\"image\/jpeg\" \/>\n<meta name=\"author\" content=\"Marina \u0160imi\u0107\" \/>\n<meta name=\"twitter:card\" content=\"summary_large_image\" \/>\n<meta name=\"twitter:label1\" content=\"Written by\" \/>\n\t<meta name=\"twitter:data1\" content=\"Marina \u0160imi\u0107\" \/>\n\t<meta name=\"twitter:label2\" content=\"Est. reading time\" \/>\n\t<meta name=\"twitter:data2\" content=\"1 minute\" \/>\n<script type=\"application\/ld+json\" class=\"yoast-schema-graph\">{\"@context\":\"https:\/\/schema.org\",\"@graph\":[{\"@type\":\"Article\",\"@id\":\"https:\/\/kic-gospic.eu\/novo\/odluka-o-izboru-kandidata-za-radno-mjesto-novinar_voditelj-na-neodredeno-vrijeme\/#article\",\"isPartOf\":{\"@id\":\"https:\/\/kic-gospic.eu\/novo\/odluka-o-izboru-kandidata-za-radno-mjesto-novinar_voditelj-na-neodredeno-vrijeme\/\"},\"author\":{\"name\":\"Marina \u0160imi\u0107\",\"@id\":\"https:\/\/kic-gospic.eu\/novo\/#\/schema\/person\/228afda82754538a5123efd21001ba07\"},\"headline\":\"Odluka o izboru kandidata za radno mjesto Novinar_voditelj na neodre\u0111eno vrijeme\",\"datePublished\":\"2023-02-15T13:57:26+00:00\",\"dateModified\":\"2023-02-15T13:58:35+00:00\",\"mainEntityOfPage\":{\"@id\":\"https:\/\/kic-gospic.eu\/novo\/odluka-o-izboru-kandidata-za-radno-mjesto-novinar_voditelj-na-neodredeno-vrijeme\/\"},\"wordCount\":26,\"publisher\":{\"@id\":\"https:\/\/kic-gospic.eu\/novo\/#organization\"},\"articleSection\":[\"Izdvojeno\",\"Aktualno\",\"Obavijesti\"],\"inLanguage\":\"en-US\"},{\"@type\":\"WebPage\",\"@id\":\"https:\/\/kic-gospic.eu\/novo\/odluka-o-izboru-kandidata-za-radno-mjesto-novinar_voditelj-na-neodredeno-vrijeme\/\",\"url\":\"https:\/\/kic-gospic.eu\/novo\/odluka-o-izboru-kandidata-za-radno-mjesto-novinar_voditelj-na-neodredeno-vrijeme\/\",\"name\":\"Odluka o izboru kandidata za radno mjesto Novinar_voditelj na neodre\u0111eno vrijeme | Kulturno Informativni Centar Gospi\u0107\",\"isPartOf\":{\"@id\":\"https:\/\/kic-gospic.eu\/novo\/#website\"},\"datePublished\":\"2023-02-15T13:57:26+00:00\",\"dateModified\":\"2023-02-15T13:58:35+00:00\",\"breadcrumb\":{\"@id\":\"https:\/\/kic-gospic.eu\/novo\/odluka-o-izboru-kandidata-za-radno-mjesto-novinar_voditelj-na-neodredeno-vrijeme\/#breadcrumb\"},\"inLanguage\":\"en-US\",\"potentialAction\":[{\"@type\":\"ReadAction\",\"target\":[\"https:\/\/kic-gospic.eu\/novo\/odluka-o-izboru-kandidata-za-radno-mjesto-novinar_voditelj-na-neodredeno-vrijeme\/\"]}]},{\"@type\":\"BreadcrumbList\",\"@id\":\"https:\/\/kic-gospic.eu\/novo\/odluka-o-izboru-kandidata-za-radno-mjesto-novinar_voditelj-na-neodredeno-vrijeme\/#breadcrumb\",\"itemListElement\":[{\"@type\":\"ListItem\",\"position\":1,\"name\":\"Home\",\"item\":\"https:\/\/kic-gospic.eu\/novo\/\"},{\"@type\":\"ListItem\",\"position\":2,\"name\":\"Odluka o izboru kandidata za radno mjesto Novinar_voditelj na neodre\u0111eno vrijeme\"}]},{\"@type\":\"WebSite\",\"@id\":\"https:\/\/kic-gospic.eu\/novo\/#website\",\"url\":\"https:\/\/kic-gospic.eu\/novo\/\",\"name\":\"Kulturno Informativni Centar Gospi\u0107\",\"description\":\"\",\"publisher\":{\"@id\":\"https:\/\/kic-gospic.eu\/novo\/#organization\"},\"potentialAction\":[{\"@type\":\"SearchAction\",\"target\":{\"@type\":\"EntryPoint\",\"urlTemplate\":\"https:\/\/kic-gospic.eu\/novo\/?s={search_term_string}\"},\"query-input\":\"required name=search_term_string\"}],\"inLanguage\":\"en-US\"},{\"@type\":\"Organization\",\"@id\":\"https:\/\/kic-gospic.eu\/novo\/#organization\",\"name\":\"Kulturno Informativni Centar\",\"url\":\"https:\/\/kic-gospic.eu\/novo\/\",\"logo\":{\"@type\":\"ImageObject\",\"inLanguage\":\"en-US\",\"@id\":\"https:\/\/kic-gospic.eu\/novo\/#\/schema\/logo\/image\/\",\"url\":\"http:\/\/www.kic-gospic.eu\/wp-content\/uploads\/2017\/02\/kic-gospic-logo.jpg\",\"contentUrl\":\"http:\/\/www.kic-gospic.eu\/wp-content\/uploads\/2017\/02\/kic-gospic-logo.jpg\",\"width\":150,\"height\":150,\"caption\":\"Kulturno Informativni Centar\"},\"image\":{\"@id\":\"https:\/\/kic-gospic.eu\/novo\/#\/schema\/logo\/image\/\"},\"sameAs\":[\"https:\/\/www.facebook.com\/kicgospic\/\"]},{\"@type\":\"Person\",\"@id\":\"https:\/\/kic-gospic.eu\/novo\/#\/schema\/person\/228afda82754538a5123efd21001ba07\",\"name\":\"Marina \u0160imi\u0107\",\"image\":{\"@type\":\"ImageObject\",\"inLanguage\":\"en-US\",\"@id\":\"https:\/\/kic-gospic.eu\/novo\/#\/schema\/person\/image\/\",\"url\":\"https:\/\/secure.gravatar.com\/avatar\/5734ffe2492ae53813f8ef8b66bf3274?s=96&d=mm&r=g\",\"contentUrl\":\"https:\/\/secure.gravatar.com\/avatar\/5734ffe2492ae53813f8ef8b66bf3274?s=96&d=mm&r=g\",\"caption\":\"Marina \u0160imi\u0107\"},\"url\":\"https:\/\/kic-gospic.eu\/novo\/author\/mrina\/\"}]}<\/script>\n<!-- \/ Yoast SEO plugin. -->","yoast_head_json":{"title":"Odluka o izboru kandidata za radno mjesto Novinar_voditelj na neodre\u0111eno vrijeme | Kulturno Informativni Centar Gospi\u0107","robots":{"index":"index","follow":"follow","max-snippet":"max-snippet:-1","max-image-preview":"max-image-preview:large","max-video-preview":"max-video-preview:-1"},"canonical":"https:\/\/kic-gospic.eu\/novo\/odluka-o-izboru-kandidata-za-radno-mjesto-novinar_voditelj-na-neodredeno-vrijeme\/","og_locale":"en_US","og_type":"article","og_title":"Odluka o izboru kandidata za radno mjesto Novinar_voditelj na neodre\u0111eno vrijeme | Kulturno Informativni Centar Gospi\u0107","og_description":"Odluka o izboru kandidata za radno mjesto Novinar_voditelj na neodre\u0111eno vrijeme","og_url":"https:\/\/kic-gospic.eu\/novo\/odluka-o-izboru-kandidata-za-radno-mjesto-novinar_voditelj-na-neodredeno-vrijeme\/","og_site_name":"Kulturno Informativni Centar Gospi\u0107","article_publisher":"https:\/\/www.facebook.com\/kicgospic\/","article_published_time":"2023-02-15T13:57:26+00:00","article_modified_time":"2023-02-15T13:58:35+00:00","og_image":[{"width":1191,"height":842,"url":"https:\/\/kic-gospic.eu\/novo\/wp-content\/uploads\/2022\/12\/natjecaj-radio.jpg","type":"image\/jpeg"}],"author":"Marina \u0160imi\u0107","twitter_card":"summary_large_image","twitter_misc":{"Written by":"Marina \u0160imi\u0107","Est. reading time":"1 minute"},"schema":{"@context":"https:\/\/schema.org","@graph":[{"@type":"Article","@id":"https:\/\/kic-gospic.eu\/novo\/odluka-o-izboru-kandidata-za-radno-mjesto-novinar_voditelj-na-neodredeno-vrijeme\/#article","isPartOf":{"@id":"https:\/\/kic-gospic.eu\/novo\/odluka-o-izboru-kandidata-za-radno-mjesto-novinar_voditelj-na-neodredeno-vrijeme\/"},"author":{"name":"Marina \u0160imi\u0107","@id":"https:\/\/kic-gospic.eu\/novo\/#\/schema\/person\/228afda82754538a5123efd21001ba07"},"headline":"Odluka o izboru kandidata za radno mjesto Novinar_voditelj na neodre\u0111eno vrijeme","datePublished":"2023-02-15T13:57:26+00:00","dateModified":"2023-02-15T13:58:35+00:00","mainEntityOfPage":{"@id":"https:\/\/kic-gospic.eu\/novo\/odluka-o-izboru-kandidata-za-radno-mjesto-novinar_voditelj-na-neodredeno-vrijeme\/"},"wordCount":26,"publisher":{"@id":"https:\/\/kic-gospic.eu\/novo\/#organization"},"articleSection":["Izdvojeno","Aktualno","Obavijesti"],"inLanguage":"en-US"},{"@type":"WebPage","@id":"https:\/\/kic-gospic.eu\/novo\/odluka-o-izboru-kandidata-za-radno-mjesto-novinar_voditelj-na-neodredeno-vrijeme\/","url":"https:\/\/kic-gospic.eu\/novo\/odluka-o-izboru-kandidata-za-radno-mjesto-novinar_voditelj-na-neodredeno-vrijeme\/","name":"Odluka o izboru kandidata za radno mjesto Novinar_voditelj na neodre\u0111eno vrijeme | Kulturno Informativni Centar Gospi\u0107","isPartOf":{"@id":"https:\/\/kic-gospic.eu\/novo\/#website"},"datePublished":"2023-02-15T13:57:26+00:00","dateModified":"2023-02-15T13:58:35+00:00","breadcrumb":{"@id":"https:\/\/kic-gospic.eu\/novo\/odluka-o-izboru-kandidata-za-radno-mjesto-novinar_voditelj-na-neodredeno-vrijeme\/#breadcrumb"},"inLanguage":"en-US","potentialAction":[{"@type":"ReadAction","target":["https:\/\/kic-gospic.eu\/novo\/odluka-o-izboru-kandidata-za-radno-mjesto-novinar_voditelj-na-neodredeno-vrijeme\/"]}]},{"@type":"BreadcrumbList","@id":"https:\/\/kic-gospic.eu\/novo\/odluka-o-izboru-kandidata-za-radno-mjesto-novinar_voditelj-na-neodredeno-vrijeme\/#breadcrumb","itemListElement":[{"@type":"ListItem","position":1,"name":"Home","item":"https:\/\/kic-gospic.eu\/novo\/"},{"@type":"ListItem","position":2,"name":"Odluka o izboru kandidata za radno mjesto Novinar_voditelj na neodre\u0111eno vrijeme"}]},{"@type":"WebSite","@id":"https:\/\/kic-gospic.eu\/novo\/#website","url":"https:\/\/kic-gospic.eu\/novo\/","name":"Kulturno Informativni Centar Gospi\u0107","description":"","publisher":{"@id":"https:\/\/kic-gospic.eu\/novo\/#organization"},"potentialAction":[{"@type":"SearchAction","target":{"@type":"EntryPoint","urlTemplate":"https:\/\/kic-gospic.eu\/novo\/?s={search_term_string}"},"query-input":"required name=search_term_string"}],"inLanguage":"en-US"},{"@type":"Organization","@id":"https:\/\/kic-gospic.eu\/novo\/#organization","name":"Kulturno Informativni Centar","url":"https:\/\/kic-gospic.eu\/novo\/","logo":{"@type":"ImageObject","inLanguage":"en-US","@id":"https:\/\/kic-gospic.eu\/novo\/#\/schema\/logo\/image\/","url":"http:\/\/www.kic-gospic.eu\/wp-content\/uploads\/2017\/02\/kic-gospic-logo.jpg","contentUrl":"http:\/\/www.kic-gospic.eu\/wp-content\/uploads\/2017\/02\/kic-gospic-logo.jpg","width":150,"height":150,"caption":"Kulturno Informativni Centar"},"image":{"@id":"https:\/\/kic-gospic.eu\/novo\/#\/schema\/logo\/image\/"},"sameAs":["https:\/\/www.facebook.com\/kicgospic\/"]},{"@type":"Person","@id":"https:\/\/kic-gospic.eu\/novo\/#\/schema\/person\/228afda82754538a5123efd21001ba07","name":"Marina \u0160imi\u0107","image":{"@type":"ImageObject","inLanguage":"en-US","@id":"https:\/\/kic-gospic.eu\/novo\/#\/schema\/person\/image\/","url":"https:\/\/secure.gravatar.com\/avatar\/5734ffe2492ae53813f8ef8b66bf3274?s=96&d=mm&r=g","contentUrl":"https:\/\/secure.gravatar.com\/avatar\/5734ffe2492ae53813f8ef8b66bf3274?s=96&d=mm&r=g","caption":"Marina \u0160imi\u0107"},"url":"https:\/\/kic-gospic.eu\/novo\/author\/mrina\/"}]}},"_links":{"self":[{"href":"https:\/\/kic-gospic.eu\/novo\/wp-json\/wp\/v2\/posts\/18618"}],"collection":[{"href":"https:\/\/kic-gospic.eu\/novo\/wp-json\/wp\/v2\/posts"}],"about":[{"href":"https:\/\/kic-gospic.eu\/novo\/wp-json\/wp\/v2\/types\/post"}],"author":[{"embeddable":true,"href":"https:\/\/kic-gospic.eu\/novo\/wp-json\/wp\/v2\/users\/5"}],"replies":[{"embeddable":true,"href":"https:\/\/kic-gospic.eu\/novo\/wp-json\/wp\/v2\/comments?post=18618"}],"version-history":[{"count":1,"href":"https:\/\/kic-gospic.eu\/novo\/wp-json\/wp\/v2\/posts\/18618\/revisions"}],"predecessor-version":[{"id":18619,"href":"https:\/\/kic-gospic.eu\/novo\/wp-json\/wp\/v2\/posts\/18618\/revisions\/18619"}],"wp:featuredmedia":[{"embeddable":true,"href":"https:\/\/kic-gospic.eu\/novo\/wp-json\/wp\/v2\/media\/18486"}],"wp:attachment":[{"href":"https:\/\/kic-gospic.eu\/novo\/wp-json\/wp\/v2\/media?parent=18618"}],"wp:term":[{"taxonomy":"category","embeddable":true,"href":"https:\/\/kic-gospic.eu\/novo\/wp-json\/wp\/v2\/categories?post=18618"},{"taxonomy":"post_tag","embeddable":true,"href":"https:\/\/kic-gospic.eu\/novo\/wp-json\/wp\/v2\/tags?post=18618"}],"curies":[{"name":"wp","href":"https:\/\/api.w.org\/{rel}","templated":true}]}}