{"id":444,"date":"2017-02-24T12:29:24","date_gmt":"2017-02-24T12:29:24","guid":{"rendered":"http:\/\/www.kic-gospic.eu\/?p=444"},"modified":"2017-02-24T12:30:22","modified_gmt":"2017-02-24T12:30:22","slug":"ciklus-koncerata-sjecanje-na-pepija","status":"publish","type":"post","link":"https:\/\/kic-gospic.eu\/novo\/ciklus-koncerata-sjecanje-na-pepija\/","title":{"rendered":"CIKLUS KONCERATA -SJE\u0106ANJE NA PEPIJA"},"content":{"rendered":"<p style=\"text-align: left;\" align=\"center\"><strong>CIKLUS KONCERATA -SJE\u0106ANJE NA PEPIJA<\/strong><\/p>\n<p style=\"text-align: left;\" align=\"center\"><strong>Posve\u0107enih maestru Josipu Kajleru Pepiju<\/strong><\/p>\n<p style=\"text-align: left;\" align=\"center\">U Kulturno Informativnom Centru Gospi\u0107, javnoj ustanovi za kulturu odr\u017eati \u0107e se Ciklus koncerata- Sje\u0107anje na Pepija, posve\u0107enih maestru Josipu Kajleru Pepiju.<\/p>\n<p style=\"text-align: left;\">Raspored koncerata:<\/p>\n<p style=\"text-align: left;\" align=\"center\">\u00a0<strong>srijeda 23.05.2012. u 20 sati<\/strong> \u2013 Bruno Philip i Fractal<\/p>\n<p style=\"text-align: left;\"><strong>petak 25.05.2012. u 18 sati<\/strong> \u2013 Roko Jagar, glasovir i Orkestar harmonika \u201eJosip Kajler\u201c, Gospi\u0107<\/p>\n<p style=\"text-align: left;\"><strong>petak 08.06.2012. u 18 sati<\/strong> \u2013 Koncert glazbenika Gospi\u0107kog glazbenog centra<\/p>\n<p style=\"text-align: left;\" align=\"center\"><strong>Ulaz je slobodan!<\/strong><\/p>\n<p style=\"text-align: left;\"><strong>Organizator<\/strong>&#8211; Gospi\u0107ki glazbeni centar<\/p>\n<p style=\"text-align: left;\"><strong>Pokrovitelj:<\/strong> Grad Gospi\u0107<\/p>\n<p style=\"text-align: left;\"><strong>Sponzori:<\/strong>\u00a0 \u00a0 \u00a0Konoba \u010cemu pri\u0161a, Restoran Pra\u0161ina, Cvje\u0107arnica Anera, Mesnica Cesarica<\/p>\n","protected":false},"excerpt":{"rendered":"<p>CIKLUS KONCERATA -SJE\u0106ANJE NA PEPIJA Posve\u0107enih maestru Josipu Kajleru Pepiju U Kulturno Informativnom Centru Gospi\u0107, javnoj ustanovi za kulturu odr\u017eati \u0107e se Ciklus koncerata- Sje\u0107anje na Pepija, posve\u0107enih maestru Josipu Kajleru Pepiju. Raspored koncerata: \u00a0srijeda 23.05.2012. u 20 sati \u2013 Bruno Philip i Fractal petak 25.05.2012. u 18 sati \u2013 Roko Jagar, glasovir i Orkestar [&hellip;]<\/p>\n","protected":false},"author":3,"featured_media":445,"comment_status":"closed","ping_status":"closed","sticky":false,"template":"","format":"standard","meta":{"footnotes":""},"categories":[1],"tags":[],"acf":[],"yoast_head":"<!-- This site is optimized with the Yoast SEO plugin v21.5 - https:\/\/yoast.com\/wordpress\/plugins\/seo\/ -->\n<title>CIKLUS KONCERATA -SJE\u0106ANJE NA PEPIJA | Kulturno Informativni Centar Gospi\u0107<\/title>\n<meta name=\"robots\" content=\"index, follow, max-snippet:-1, max-image-preview:large, max-video-preview:-1\" \/>\n<link rel=\"canonical\" href=\"https:\/\/kic-gospic.eu\/novo\/ciklus-koncerata-sjecanje-na-pepija\/\" \/>\n<meta property=\"og:locale\" content=\"en_US\" \/>\n<meta property=\"og:type\" content=\"article\" \/>\n<meta property=\"og:title\" content=\"CIKLUS KONCERATA -SJE\u0106ANJE NA PEPIJA | Kulturno Informativni Centar Gospi\u0107\" \/>\n<meta property=\"og:description\" content=\"CIKLUS KONCERATA -SJE\u0106ANJE NA PEPIJA Posve\u0107enih maestru Josipu Kajleru Pepiju U Kulturno Informativnom Centru Gospi\u0107, javnoj ustanovi za kulturu odr\u017eati \u0107e se Ciklus koncerata- Sje\u0107anje na Pepija, posve\u0107enih maestru Josipu Kajleru Pepiju. Raspored koncerata: \u00a0srijeda 23.05.2012. u 20 sati \u2013 Bruno Philip i Fractal petak 25.05.2012. u 18 sati \u2013 Roko Jagar, glasovir i Orkestar [&hellip;]\" \/>\n<meta property=\"og:url\" content=\"https:\/\/kic-gospic.eu\/novo\/ciklus-koncerata-sjecanje-na-pepija\/\" \/>\n<meta property=\"og:site_name\" content=\"Kulturno Informativni Centar Gospi\u0107\" \/>\n<meta property=\"article:publisher\" content=\"https:\/\/www.facebook.com\/kicgospic\/\" \/>\n<meta property=\"article:published_time\" content=\"2017-02-24T12:29:24+00:00\" \/>\n<meta property=\"article:modified_time\" content=\"2017-02-24T12:30:22+00:00\" \/>\n<meta property=\"og:image\" content=\"https:\/\/kic-gospic.eu\/novo\/wp-content\/uploads\/2017\/02\/sje\u0107anje-na-pepija.jpg\" \/>\n\t<meta property=\"og:image:width\" content=\"800\" \/>\n\t<meta property=\"og:image:height\" content=\"1118\" \/>\n\t<meta property=\"og:image:type\" content=\"image\/jpeg\" \/>\n<meta name=\"twitter:card\" content=\"summary_large_image\" \/>\n<meta name=\"twitter:label1\" content=\"Written by\" \/>\n\t<meta name=\"twitter:data1\" content=\"\" \/>\n<script type=\"application\/ld+json\" class=\"yoast-schema-graph\">{\"@context\":\"https:\/\/schema.org\",\"@graph\":[{\"@type\":\"Article\",\"@id\":\"https:\/\/kic-gospic.eu\/novo\/ciklus-koncerata-sjecanje-na-pepija\/#article\",\"isPartOf\":{\"@id\":\"https:\/\/kic-gospic.eu\/novo\/ciklus-koncerata-sjecanje-na-pepija\/\"},\"author\":{\"name\":\"\",\"@id\":\"\"},\"headline\":\"CIKLUS KONCERATA -SJE\u0106ANJE NA PEPIJA\",\"datePublished\":\"2017-02-24T12:29:24+00:00\",\"dateModified\":\"2017-02-24T12:30:22+00:00\",\"mainEntityOfPage\":{\"@id\":\"https:\/\/kic-gospic.eu\/novo\/ciklus-koncerata-sjecanje-na-pepija\/\"},\"wordCount\":97,\"publisher\":{\"@id\":\"https:\/\/kic-gospic.eu\/novo\/#organization\"},\"articleSection\":[\"KIC\"],\"inLanguage\":\"en-US\"},{\"@type\":\"WebPage\",\"@id\":\"https:\/\/kic-gospic.eu\/novo\/ciklus-koncerata-sjecanje-na-pepija\/\",\"url\":\"https:\/\/kic-gospic.eu\/novo\/ciklus-koncerata-sjecanje-na-pepija\/\",\"name\":\"CIKLUS KONCERATA -SJE\u0106ANJE NA PEPIJA | Kulturno Informativni Centar Gospi\u0107\",\"isPartOf\":{\"@id\":\"https:\/\/kic-gospic.eu\/novo\/#website\"},\"datePublished\":\"2017-02-24T12:29:24+00:00\",\"dateModified\":\"2017-02-24T12:30:22+00:00\",\"breadcrumb\":{\"@id\":\"https:\/\/kic-gospic.eu\/novo\/ciklus-koncerata-sjecanje-na-pepija\/#breadcrumb\"},\"inLanguage\":\"en-US\",\"potentialAction\":[{\"@type\":\"ReadAction\",\"target\":[\"https:\/\/kic-gospic.eu\/novo\/ciklus-koncerata-sjecanje-na-pepija\/\"]}]},{\"@type\":\"BreadcrumbList\",\"@id\":\"https:\/\/kic-gospic.eu\/novo\/ciklus-koncerata-sjecanje-na-pepija\/#breadcrumb\",\"itemListElement\":[{\"@type\":\"ListItem\",\"position\":1,\"name\":\"Home\",\"item\":\"https:\/\/kic-gospic.eu\/novo\/\"},{\"@type\":\"ListItem\",\"position\":2,\"name\":\"CIKLUS KONCERATA -SJE\u0106ANJE NA PEPIJA\"}]},{\"@type\":\"WebSite\",\"@id\":\"https:\/\/kic-gospic.eu\/novo\/#website\",\"url\":\"https:\/\/kic-gospic.eu\/novo\/\",\"name\":\"Kulturno Informativni Centar Gospi\u0107\",\"description\":\"\",\"publisher\":{\"@id\":\"https:\/\/kic-gospic.eu\/novo\/#organization\"},\"potentialAction\":[{\"@type\":\"SearchAction\",\"target\":{\"@type\":\"EntryPoint\",\"urlTemplate\":\"https:\/\/kic-gospic.eu\/novo\/?s={search_term_string}\"},\"query-input\":\"required name=search_term_string\"}],\"inLanguage\":\"en-US\"},{\"@type\":\"Organization\",\"@id\":\"https:\/\/kic-gospic.eu\/novo\/#organization\",\"name\":\"Kulturno Informativni Centar\",\"url\":\"https:\/\/kic-gospic.eu\/novo\/\",\"logo\":{\"@type\":\"ImageObject\",\"inLanguage\":\"en-US\",\"@id\":\"https:\/\/kic-gospic.eu\/novo\/#\/schema\/logo\/image\/\",\"url\":\"http:\/\/www.kic-gospic.eu\/wp-content\/uploads\/2017\/02\/kic-gospic-logo.jpg\",\"contentUrl\":\"http:\/\/www.kic-gospic.eu\/wp-content\/uploads\/2017\/02\/kic-gospic-logo.jpg\",\"width\":150,\"height\":150,\"caption\":\"Kulturno Informativni Centar\"},\"image\":{\"@id\":\"https:\/\/kic-gospic.eu\/novo\/#\/schema\/logo\/image\/\"},\"sameAs\":[\"https:\/\/www.facebook.com\/kicgospic\/\"]},{\"@type\":\"Person\",\"@id\":\"\",\"url\":\"https:\/\/kic-gospic.eu\/novo\/author\/\"}]}<\/script>\n<!-- \/ Yoast SEO plugin. -->","yoast_head_json":{"title":"CIKLUS KONCERATA -SJE\u0106ANJE NA PEPIJA | Kulturno Informativni Centar Gospi\u0107","robots":{"index":"index","follow":"follow","max-snippet":"max-snippet:-1","max-image-preview":"max-image-preview:large","max-video-preview":"max-video-preview:-1"},"canonical":"https:\/\/kic-gospic.eu\/novo\/ciklus-koncerata-sjecanje-na-pepija\/","og_locale":"en_US","og_type":"article","og_title":"CIKLUS KONCERATA -SJE\u0106ANJE NA PEPIJA | Kulturno Informativni Centar Gospi\u0107","og_description":"CIKLUS KONCERATA -SJE\u0106ANJE NA PEPIJA Posve\u0107enih maestru Josipu Kajleru Pepiju U Kulturno Informativnom Centru Gospi\u0107, javnoj ustanovi za kulturu odr\u017eati \u0107e se Ciklus koncerata- Sje\u0107anje na Pepija, posve\u0107enih maestru Josipu Kajleru Pepiju. Raspored koncerata: \u00a0srijeda 23.05.2012. u 20 sati \u2013 Bruno Philip i Fractal petak 25.05.2012. u 18 sati \u2013 Roko Jagar, glasovir i Orkestar [&hellip;]","og_url":"https:\/\/kic-gospic.eu\/novo\/ciklus-koncerata-sjecanje-na-pepija\/","og_site_name":"Kulturno Informativni Centar Gospi\u0107","article_publisher":"https:\/\/www.facebook.com\/kicgospic\/","article_published_time":"2017-02-24T12:29:24+00:00","article_modified_time":"2017-02-24T12:30:22+00:00","og_image":[{"width":800,"height":1118,"url":"https:\/\/kic-gospic.eu\/novo\/wp-content\/uploads\/2017\/02\/sje\u0107anje-na-pepija.jpg","type":"image\/jpeg"}],"twitter_card":"summary_large_image","twitter_misc":{"Written by":""},"schema":{"@context":"https:\/\/schema.org","@graph":[{"@type":"Article","@id":"https:\/\/kic-gospic.eu\/novo\/ciklus-koncerata-sjecanje-na-pepija\/#article","isPartOf":{"@id":"https:\/\/kic-gospic.eu\/novo\/ciklus-koncerata-sjecanje-na-pepija\/"},"author":{"name":"","@id":""},"headline":"CIKLUS KONCERATA -SJE\u0106ANJE NA PEPIJA","datePublished":"2017-02-24T12:29:24+00:00","dateModified":"2017-02-24T12:30:22+00:00","mainEntityOfPage":{"@id":"https:\/\/kic-gospic.eu\/novo\/ciklus-koncerata-sjecanje-na-pepija\/"},"wordCount":97,"publisher":{"@id":"https:\/\/kic-gospic.eu\/novo\/#organization"},"articleSection":["KIC"],"inLanguage":"en-US"},{"@type":"WebPage","@id":"https:\/\/kic-gospic.eu\/novo\/ciklus-koncerata-sjecanje-na-pepija\/","url":"https:\/\/kic-gospic.eu\/novo\/ciklus-koncerata-sjecanje-na-pepija\/","name":"CIKLUS KONCERATA -SJE\u0106ANJE NA PEPIJA | Kulturno Informativni Centar Gospi\u0107","isPartOf":{"@id":"https:\/\/kic-gospic.eu\/novo\/#website"},"datePublished":"2017-02-24T12:29:24+00:00","dateModified":"2017-02-24T12:30:22+00:00","breadcrumb":{"@id":"https:\/\/kic-gospic.eu\/novo\/ciklus-koncerata-sjecanje-na-pepija\/#breadcrumb"},"inLanguage":"en-US","potentialAction":[{"@type":"ReadAction","target":["https:\/\/kic-gospic.eu\/novo\/ciklus-koncerata-sjecanje-na-pepija\/"]}]},{"@type":"BreadcrumbList","@id":"https:\/\/kic-gospic.eu\/novo\/ciklus-koncerata-sjecanje-na-pepija\/#breadcrumb","itemListElement":[{"@type":"ListItem","position":1,"name":"Home","item":"https:\/\/kic-gospic.eu\/novo\/"},{"@type":"ListItem","position":2,"name":"CIKLUS KONCERATA -SJE\u0106ANJE NA PEPIJA"}]},{"@type":"WebSite","@id":"https:\/\/kic-gospic.eu\/novo\/#website","url":"https:\/\/kic-gospic.eu\/novo\/","name":"Kulturno Informativni Centar Gospi\u0107","description":"","publisher":{"@id":"https:\/\/kic-gospic.eu\/novo\/#organization"},"potentialAction":[{"@type":"SearchAction","target":{"@type":"EntryPoint","urlTemplate":"https:\/\/kic-gospic.eu\/novo\/?s={search_term_string}"},"query-input":"required name=search_term_string"}],"inLanguage":"en-US"},{"@type":"Organization","@id":"https:\/\/kic-gospic.eu\/novo\/#organization","name":"Kulturno Informativni Centar","url":"https:\/\/kic-gospic.eu\/novo\/","logo":{"@type":"ImageObject","inLanguage":"en-US","@id":"https:\/\/kic-gospic.eu\/novo\/#\/schema\/logo\/image\/","url":"http:\/\/www.kic-gospic.eu\/wp-content\/uploads\/2017\/02\/kic-gospic-logo.jpg","contentUrl":"http:\/\/www.kic-gospic.eu\/wp-content\/uploads\/2017\/02\/kic-gospic-logo.jpg","width":150,"height":150,"caption":"Kulturno Informativni Centar"},"image":{"@id":"https:\/\/kic-gospic.eu\/novo\/#\/schema\/logo\/image\/"},"sameAs":["https:\/\/www.facebook.com\/kicgospic\/"]},{"@type":"Person","@id":"","url":"https:\/\/kic-gospic.eu\/novo\/author\/"}]}},"_links":{"self":[{"href":"https:\/\/kic-gospic.eu\/novo\/wp-json\/wp\/v2\/posts\/444"}],"collection":[{"href":"https:\/\/kic-gospic.eu\/novo\/wp-json\/wp\/v2\/posts"}],"about":[{"href":"https:\/\/kic-gospic.eu\/novo\/wp-json\/wp\/v2\/types\/post"}],"author":[{"embeddable":true,"href":"https:\/\/kic-gospic.eu\/novo\/wp-json\/wp\/v2\/users\/3"}],"replies":[{"embeddable":true,"href":"https:\/\/kic-gospic.eu\/novo\/wp-json\/wp\/v2\/comments?post=444"}],"version-history":[{"count":0,"href":"https:\/\/kic-gospic.eu\/novo\/wp-json\/wp\/v2\/posts\/444\/revisions"}],"wp:featuredmedia":[{"embeddable":true,"href":"https:\/\/kic-gospic.eu\/novo\/wp-json\/wp\/v2\/media\/445"}],"wp:attachment":[{"href":"https:\/\/kic-gospic.eu\/novo\/wp-json\/wp\/v2\/media?parent=444"}],"wp:term":[{"taxonomy":"category","embeddable":true,"href":"https:\/\/kic-gospic.eu\/novo\/wp-json\/wp\/v2\/categories?post=444"},{"taxonomy":"post_tag","embeddable":true,"href":"https:\/\/kic-gospic.eu\/novo\/wp-json\/wp\/v2\/tags?post=444"}],"curies":[{"name":"wp","href":"https:\/\/api.w.org\/{rel}","templated":true}]}}