{"id":453,"date":"2017-02-24T12:36:49","date_gmt":"2017-02-24T12:36:49","guid":{"rendered":"http:\/\/www.kic-gospic.eu\/?p=453"},"modified":"2017-02-24T12:38:03","modified_gmt":"2017-02-24T12:38:03","slug":"vecer-bugarske-kulture","status":"publish","type":"post","link":"https:\/\/kic-gospic.eu\/novo\/vecer-bugarske-kulture\/","title":{"rendered":"VE\u010cER BUGARSKE KULTURE"},"content":{"rendered":"<h2 class=\"kic-postheader\">VE\u010cER BUGARSKE KULTURE<\/h2>\n<p>U Kulturno Informativnom Centru, javnoj ustanovi za kulturu u <b>utorak 12. lipnja 2012. godine u 19,00 sati <\/b>(dvorana u prizemlju) odr\u017eat \u0107e se<\/p>\n<p><b>VE\u010cER BUGARSKE KULTURE.<\/b><\/p>\n<p>Go\u0161\u0107a ve\u010deri: Katya Kaycova<\/p>\n<p><b>SA\u017dETAK<\/b>: Bugarska &#8211; zemlja u srcu Balkana, u kojoj su svoj trag ostavile zagonetne pretpovijesne civilizacije, Orfejevi Tracani, poduzetni Elini, mo\u0107ni Rimljani, radi\u0161ni Slaveni, ratoborni Bugari, bogobojazni Bizantinci, egzoti\u010dni Osmanlije. Kroz multimedijsku prezentaciju pribli\u017eit \u0107emo se jedinstvenim prirodnim ljepotama zemlje, njenom bogatom kulturnom ba\u0161tinom, njenih turisti\u010dkih atrakcija, tradicija i obi\u010daja njenog naroda, \u0161arolikih kao Bugarski stol. Tako\u0111er, \u0107emo zajedno napraviti \u010duvenu \u0160opsku salatu i nau\u010diti kako u njoj u\u017eivaju Bugari.<\/p>\n","protected":false},"excerpt":{"rendered":"<p>VE\u010cER BUGARSKE KULTURE U Kulturno Informativnom Centru, javnoj ustanovi za kulturu u utorak 12. lipnja 2012. godine u 19,00 sati (dvorana u prizemlju) odr\u017eat \u0107e se VE\u010cER BUGARSKE KULTURE. Go\u0161\u0107a ve\u010deri: Katya Kaycova SA\u017dETAK: Bugarska &#8211; zemlja u srcu Balkana, u kojoj su svoj trag ostavile zagonetne pretpovijesne civilizacije, Orfejevi Tracani, poduzetni Elini, mo\u0107ni Rimljani, [&hellip;]<\/p>\n","protected":false},"author":3,"featured_media":454,"comment_status":"closed","ping_status":"closed","sticky":false,"template":"","format":"standard","meta":{"footnotes":""},"categories":[1],"tags":[],"acf":[],"yoast_head":"<!-- This site is optimized with the Yoast SEO plugin v21.5 - https:\/\/yoast.com\/wordpress\/plugins\/seo\/ -->\n<title>VE\u010cER BUGARSKE KULTURE | Kulturno Informativni Centar Gospi\u0107<\/title>\n<meta name=\"robots\" content=\"index, follow, max-snippet:-1, max-image-preview:large, max-video-preview:-1\" \/>\n<link rel=\"canonical\" href=\"https:\/\/kic-gospic.eu\/novo\/vecer-bugarske-kulture\/\" \/>\n<meta property=\"og:locale\" content=\"en_US\" \/>\n<meta property=\"og:type\" content=\"article\" \/>\n<meta property=\"og:title\" content=\"VE\u010cER BUGARSKE KULTURE | Kulturno Informativni Centar Gospi\u0107\" \/>\n<meta property=\"og:description\" content=\"VE\u010cER BUGARSKE KULTURE U Kulturno Informativnom Centru, javnoj ustanovi za kulturu u utorak 12. lipnja 2012. godine u 19,00 sati (dvorana u prizemlju) odr\u017eat \u0107e se VE\u010cER BUGARSKE KULTURE. Go\u0161\u0107a ve\u010deri: Katya Kaycova SA\u017dETAK: Bugarska &#8211; zemlja u srcu Balkana, u kojoj su svoj trag ostavile zagonetne pretpovijesne civilizacije, Orfejevi Tracani, poduzetni Elini, mo\u0107ni Rimljani, [&hellip;]\" \/>\n<meta property=\"og:url\" content=\"https:\/\/kic-gospic.eu\/novo\/vecer-bugarske-kulture\/\" \/>\n<meta property=\"og:site_name\" content=\"Kulturno Informativni Centar Gospi\u0107\" \/>\n<meta property=\"article:publisher\" content=\"https:\/\/www.facebook.com\/kicgospic\/\" \/>\n<meta property=\"article:published_time\" content=\"2017-02-24T12:36:49+00:00\" \/>\n<meta property=\"article:modified_time\" content=\"2017-02-24T12:38:03+00:00\" \/>\n<meta property=\"og:image\" content=\"https:\/\/kic-gospic.eu\/novo\/wp-content\/uploads\/2017\/02\/BUGARSKA-MANNJE-1.jpg\" \/>\n\t<meta property=\"og:image:width\" content=\"600\" \/>\n\t<meta property=\"og:image:height\" content=\"800\" \/>\n\t<meta property=\"og:image:type\" content=\"image\/jpeg\" \/>\n<meta name=\"twitter:card\" content=\"summary_large_image\" \/>\n<meta name=\"twitter:label1\" content=\"Written by\" \/>\n\t<meta name=\"twitter:data1\" content=\"\" \/>\n\t<meta name=\"twitter:label2\" content=\"Est. reading time\" \/>\n\t<meta name=\"twitter:data2\" content=\"1 minute\" \/>\n<script type=\"application\/ld+json\" class=\"yoast-schema-graph\">{\"@context\":\"https:\/\/schema.org\",\"@graph\":[{\"@type\":\"Article\",\"@id\":\"https:\/\/kic-gospic.eu\/novo\/vecer-bugarske-kulture\/#article\",\"isPartOf\":{\"@id\":\"https:\/\/kic-gospic.eu\/novo\/vecer-bugarske-kulture\/\"},\"author\":{\"name\":\"\",\"@id\":\"\"},\"headline\":\"VE\u010cER BUGARSKE KULTURE\",\"datePublished\":\"2017-02-24T12:36:49+00:00\",\"dateModified\":\"2017-02-24T12:38:03+00:00\",\"mainEntityOfPage\":{\"@id\":\"https:\/\/kic-gospic.eu\/novo\/vecer-bugarske-kulture\/\"},\"wordCount\":120,\"publisher\":{\"@id\":\"https:\/\/kic-gospic.eu\/novo\/#organization\"},\"articleSection\":[\"KIC\"],\"inLanguage\":\"en-US\"},{\"@type\":\"WebPage\",\"@id\":\"https:\/\/kic-gospic.eu\/novo\/vecer-bugarske-kulture\/\",\"url\":\"https:\/\/kic-gospic.eu\/novo\/vecer-bugarske-kulture\/\",\"name\":\"VE\u010cER BUGARSKE KULTURE | Kulturno Informativni Centar Gospi\u0107\",\"isPartOf\":{\"@id\":\"https:\/\/kic-gospic.eu\/novo\/#website\"},\"datePublished\":\"2017-02-24T12:36:49+00:00\",\"dateModified\":\"2017-02-24T12:38:03+00:00\",\"breadcrumb\":{\"@id\":\"https:\/\/kic-gospic.eu\/novo\/vecer-bugarske-kulture\/#breadcrumb\"},\"inLanguage\":\"en-US\",\"potentialAction\":[{\"@type\":\"ReadAction\",\"target\":[\"https:\/\/kic-gospic.eu\/novo\/vecer-bugarske-kulture\/\"]}]},{\"@type\":\"BreadcrumbList\",\"@id\":\"https:\/\/kic-gospic.eu\/novo\/vecer-bugarske-kulture\/#breadcrumb\",\"itemListElement\":[{\"@type\":\"ListItem\",\"position\":1,\"name\":\"Home\",\"item\":\"https:\/\/kic-gospic.eu\/novo\/\"},{\"@type\":\"ListItem\",\"position\":2,\"name\":\"VE\u010cER BUGARSKE KULTURE\"}]},{\"@type\":\"WebSite\",\"@id\":\"https:\/\/kic-gospic.eu\/novo\/#website\",\"url\":\"https:\/\/kic-gospic.eu\/novo\/\",\"name\":\"Kulturno Informativni Centar Gospi\u0107\",\"description\":\"\",\"publisher\":{\"@id\":\"https:\/\/kic-gospic.eu\/novo\/#organization\"},\"potentialAction\":[{\"@type\":\"SearchAction\",\"target\":{\"@type\":\"EntryPoint\",\"urlTemplate\":\"https:\/\/kic-gospic.eu\/novo\/?s={search_term_string}\"},\"query-input\":\"required name=search_term_string\"}],\"inLanguage\":\"en-US\"},{\"@type\":\"Organization\",\"@id\":\"https:\/\/kic-gospic.eu\/novo\/#organization\",\"name\":\"Kulturno Informativni Centar\",\"url\":\"https:\/\/kic-gospic.eu\/novo\/\",\"logo\":{\"@type\":\"ImageObject\",\"inLanguage\":\"en-US\",\"@id\":\"https:\/\/kic-gospic.eu\/novo\/#\/schema\/logo\/image\/\",\"url\":\"http:\/\/www.kic-gospic.eu\/wp-content\/uploads\/2017\/02\/kic-gospic-logo.jpg\",\"contentUrl\":\"http:\/\/www.kic-gospic.eu\/wp-content\/uploads\/2017\/02\/kic-gospic-logo.jpg\",\"width\":150,\"height\":150,\"caption\":\"Kulturno Informativni Centar\"},\"image\":{\"@id\":\"https:\/\/kic-gospic.eu\/novo\/#\/schema\/logo\/image\/\"},\"sameAs\":[\"https:\/\/www.facebook.com\/kicgospic\/\"]},{\"@type\":\"Person\",\"@id\":\"\",\"url\":\"https:\/\/kic-gospic.eu\/novo\/author\/\"}]}<\/script>\n<!-- \/ Yoast SEO plugin. -->","yoast_head_json":{"title":"VE\u010cER BUGARSKE KULTURE | Kulturno Informativni Centar Gospi\u0107","robots":{"index":"index","follow":"follow","max-snippet":"max-snippet:-1","max-image-preview":"max-image-preview:large","max-video-preview":"max-video-preview:-1"},"canonical":"https:\/\/kic-gospic.eu\/novo\/vecer-bugarske-kulture\/","og_locale":"en_US","og_type":"article","og_title":"VE\u010cER BUGARSKE KULTURE | Kulturno Informativni Centar Gospi\u0107","og_description":"VE\u010cER BUGARSKE KULTURE U Kulturno Informativnom Centru, javnoj ustanovi za kulturu u utorak 12. lipnja 2012. godine u 19,00 sati (dvorana u prizemlju) odr\u017eat \u0107e se VE\u010cER BUGARSKE KULTURE. Go\u0161\u0107a ve\u010deri: Katya Kaycova SA\u017dETAK: Bugarska &#8211; zemlja u srcu Balkana, u kojoj su svoj trag ostavile zagonetne pretpovijesne civilizacije, Orfejevi Tracani, poduzetni Elini, mo\u0107ni Rimljani, [&hellip;]","og_url":"https:\/\/kic-gospic.eu\/novo\/vecer-bugarske-kulture\/","og_site_name":"Kulturno Informativni Centar Gospi\u0107","article_publisher":"https:\/\/www.facebook.com\/kicgospic\/","article_published_time":"2017-02-24T12:36:49+00:00","article_modified_time":"2017-02-24T12:38:03+00:00","og_image":[{"width":600,"height":800,"url":"https:\/\/kic-gospic.eu\/novo\/wp-content\/uploads\/2017\/02\/BUGARSKA-MANNJE-1.jpg","type":"image\/jpeg"}],"twitter_card":"summary_large_image","twitter_misc":{"Written by":"","Est. reading time":"1 minute"},"schema":{"@context":"https:\/\/schema.org","@graph":[{"@type":"Article","@id":"https:\/\/kic-gospic.eu\/novo\/vecer-bugarske-kulture\/#article","isPartOf":{"@id":"https:\/\/kic-gospic.eu\/novo\/vecer-bugarske-kulture\/"},"author":{"name":"","@id":""},"headline":"VE\u010cER BUGARSKE KULTURE","datePublished":"2017-02-24T12:36:49+00:00","dateModified":"2017-02-24T12:38:03+00:00","mainEntityOfPage":{"@id":"https:\/\/kic-gospic.eu\/novo\/vecer-bugarske-kulture\/"},"wordCount":120,"publisher":{"@id":"https:\/\/kic-gospic.eu\/novo\/#organization"},"articleSection":["KIC"],"inLanguage":"en-US"},{"@type":"WebPage","@id":"https:\/\/kic-gospic.eu\/novo\/vecer-bugarske-kulture\/","url":"https:\/\/kic-gospic.eu\/novo\/vecer-bugarske-kulture\/","name":"VE\u010cER BUGARSKE KULTURE | Kulturno Informativni Centar Gospi\u0107","isPartOf":{"@id":"https:\/\/kic-gospic.eu\/novo\/#website"},"datePublished":"2017-02-24T12:36:49+00:00","dateModified":"2017-02-24T12:38:03+00:00","breadcrumb":{"@id":"https:\/\/kic-gospic.eu\/novo\/vecer-bugarske-kulture\/#breadcrumb"},"inLanguage":"en-US","potentialAction":[{"@type":"ReadAction","target":["https:\/\/kic-gospic.eu\/novo\/vecer-bugarske-kulture\/"]}]},{"@type":"BreadcrumbList","@id":"https:\/\/kic-gospic.eu\/novo\/vecer-bugarske-kulture\/#breadcrumb","itemListElement":[{"@type":"ListItem","position":1,"name":"Home","item":"https:\/\/kic-gospic.eu\/novo\/"},{"@type":"ListItem","position":2,"name":"VE\u010cER BUGARSKE KULTURE"}]},{"@type":"WebSite","@id":"https:\/\/kic-gospic.eu\/novo\/#website","url":"https:\/\/kic-gospic.eu\/novo\/","name":"Kulturno Informativni Centar Gospi\u0107","description":"","publisher":{"@id":"https:\/\/kic-gospic.eu\/novo\/#organization"},"potentialAction":[{"@type":"SearchAction","target":{"@type":"EntryPoint","urlTemplate":"https:\/\/kic-gospic.eu\/novo\/?s={search_term_string}"},"query-input":"required name=search_term_string"}],"inLanguage":"en-US"},{"@type":"Organization","@id":"https:\/\/kic-gospic.eu\/novo\/#organization","name":"Kulturno Informativni Centar","url":"https:\/\/kic-gospic.eu\/novo\/","logo":{"@type":"ImageObject","inLanguage":"en-US","@id":"https:\/\/kic-gospic.eu\/novo\/#\/schema\/logo\/image\/","url":"http:\/\/www.kic-gospic.eu\/wp-content\/uploads\/2017\/02\/kic-gospic-logo.jpg","contentUrl":"http:\/\/www.kic-gospic.eu\/wp-content\/uploads\/2017\/02\/kic-gospic-logo.jpg","width":150,"height":150,"caption":"Kulturno Informativni Centar"},"image":{"@id":"https:\/\/kic-gospic.eu\/novo\/#\/schema\/logo\/image\/"},"sameAs":["https:\/\/www.facebook.com\/kicgospic\/"]},{"@type":"Person","@id":"","url":"https:\/\/kic-gospic.eu\/novo\/author\/"}]}},"_links":{"self":[{"href":"https:\/\/kic-gospic.eu\/novo\/wp-json\/wp\/v2\/posts\/453"}],"collection":[{"href":"https:\/\/kic-gospic.eu\/novo\/wp-json\/wp\/v2\/posts"}],"about":[{"href":"https:\/\/kic-gospic.eu\/novo\/wp-json\/wp\/v2\/types\/post"}],"author":[{"embeddable":true,"href":"https:\/\/kic-gospic.eu\/novo\/wp-json\/wp\/v2\/users\/3"}],"replies":[{"embeddable":true,"href":"https:\/\/kic-gospic.eu\/novo\/wp-json\/wp\/v2\/comments?post=453"}],"version-history":[{"count":0,"href":"https:\/\/kic-gospic.eu\/novo\/wp-json\/wp\/v2\/posts\/453\/revisions"}],"wp:featuredmedia":[{"embeddable":true,"href":"https:\/\/kic-gospic.eu\/novo\/wp-json\/wp\/v2\/media\/454"}],"wp:attachment":[{"href":"https:\/\/kic-gospic.eu\/novo\/wp-json\/wp\/v2\/media?parent=453"}],"wp:term":[{"taxonomy":"category","embeddable":true,"href":"https:\/\/kic-gospic.eu\/novo\/wp-json\/wp\/v2\/categories?post=453"},{"taxonomy":"post_tag","embeddable":true,"href":"https:\/\/kic-gospic.eu\/novo\/wp-json\/wp\/v2\/tags?post=453"}],"curies":[{"name":"wp","href":"https:\/\/api.w.org\/{rel}","templated":true}]}}