{"id":468,"date":"2017-02-24T12:54:16","date_gmt":"2017-02-24T12:54:16","guid":{"rendered":"http:\/\/www.kic-gospic.eu\/?p=468"},"modified":"2017-02-24T12:55:24","modified_gmt":"2017-02-24T12:55:24","slug":"obiljezavanje-djecjeg-tjedna","status":"publish","type":"post","link":"https:\/\/kic-gospic.eu\/novo\/obiljezavanje-djecjeg-tjedna\/","title":{"rendered":"OBILJE\u017dAVANJE DJE\u010cJEG TJEDNA"},"content":{"rendered":"<p>OBILJE\u017dAVANJE DJE\u010cJEG TJEDNA<\/p>\n<p>U sklopu obilje\u017eavanja Dje\u010djeg tjedna sudjelovali smo u prvoj fazi Akcije \u201e<b>Za prirodu se potrudi i kreativan budi<\/b>\u201c. Akcija je odr\u017eana s ciljem podizanja svijesti mje\u0161tana i mladih o bitnosti o\u010duvanja okoli\u0161a te pravilnog odlaganja otpada u za to predvi\u0111ene kontejnere.<\/p>\n<div class=\"cmp_buttons_container\"><\/div>\n","protected":false},"excerpt":{"rendered":"<p>OBILJE\u017dAVANJE DJE\u010cJEG TJEDNA U sklopu obilje\u017eavanja Dje\u010djeg tjedna sudjelovali smo u prvoj fazi Akcije \u201eZa prirodu se potrudi i kreativan budi\u201c. Akcija je odr\u017eana s ciljem podizanja svijesti mje\u0161tana i mladih o bitnosti o\u010duvanja okoli\u0161a te pravilnog odlaganja otpada u za to predvi\u0111ene kontejnere.<\/p>\n","protected":false},"author":3,"featured_media":469,"comment_status":"closed","ping_status":"closed","sticky":false,"template":"","format":"standard","meta":{"footnotes":""},"categories":[1],"tags":[],"acf":[],"yoast_head":"<!-- This site is optimized with the Yoast SEO plugin v21.5 - https:\/\/yoast.com\/wordpress\/plugins\/seo\/ -->\n<title>OBILJE\u017dAVANJE DJE\u010cJEG TJEDNA | Kulturno Informativni Centar Gospi\u0107<\/title>\n<meta name=\"robots\" content=\"index, follow, max-snippet:-1, max-image-preview:large, max-video-preview:-1\" \/>\n<link rel=\"canonical\" href=\"https:\/\/kic-gospic.eu\/novo\/obiljezavanje-djecjeg-tjedna\/\" \/>\n<meta property=\"og:locale\" content=\"en_US\" \/>\n<meta property=\"og:type\" content=\"article\" \/>\n<meta property=\"og:title\" content=\"OBILJE\u017dAVANJE DJE\u010cJEG TJEDNA | Kulturno Informativni Centar Gospi\u0107\" \/>\n<meta property=\"og:description\" content=\"OBILJE\u017dAVANJE DJE\u010cJEG TJEDNA U sklopu obilje\u017eavanja Dje\u010djeg tjedna sudjelovali smo u prvoj fazi Akcije \u201eZa prirodu se potrudi i kreativan budi\u201c. Akcija je odr\u017eana s ciljem podizanja svijesti mje\u0161tana i mladih o bitnosti o\u010duvanja okoli\u0161a te pravilnog odlaganja otpada u za to predvi\u0111ene kontejnere.\" \/>\n<meta property=\"og:url\" content=\"https:\/\/kic-gospic.eu\/novo\/obiljezavanje-djecjeg-tjedna\/\" \/>\n<meta property=\"og:site_name\" content=\"Kulturno Informativni Centar Gospi\u0107\" \/>\n<meta property=\"article:publisher\" content=\"https:\/\/www.facebook.com\/kicgospic\/\" \/>\n<meta property=\"article:published_time\" content=\"2017-02-24T12:54:16+00:00\" \/>\n<meta property=\"article:modified_time\" content=\"2017-02-24T12:55:24+00:00\" \/>\n<meta property=\"og:image\" content=\"https:\/\/kic-gospic.eu\/novo\/wp-content\/uploads\/2017\/02\/ODtjedna.jpg\" \/>\n\t<meta property=\"og:image:width\" content=\"448\" \/>\n\t<meta property=\"og:image:height\" content=\"336\" \/>\n\t<meta property=\"og:image:type\" content=\"image\/jpeg\" \/>\n<meta name=\"twitter:card\" content=\"summary_large_image\" \/>\n<meta name=\"twitter:label1\" content=\"Written by\" \/>\n\t<meta name=\"twitter:data1\" content=\"\" \/>\n<script type=\"application\/ld+json\" class=\"yoast-schema-graph\">{\"@context\":\"https:\/\/schema.org\",\"@graph\":[{\"@type\":\"Article\",\"@id\":\"https:\/\/kic-gospic.eu\/novo\/obiljezavanje-djecjeg-tjedna\/#article\",\"isPartOf\":{\"@id\":\"https:\/\/kic-gospic.eu\/novo\/obiljezavanje-djecjeg-tjedna\/\"},\"author\":{\"name\":\"\",\"@id\":\"\"},\"headline\":\"OBILJE\u017dAVANJE DJE\u010cJEG TJEDNA\",\"datePublished\":\"2017-02-24T12:54:16+00:00\",\"dateModified\":\"2017-02-24T12:55:24+00:00\",\"mainEntityOfPage\":{\"@id\":\"https:\/\/kic-gospic.eu\/novo\/obiljezavanje-djecjeg-tjedna\/\"},\"wordCount\":58,\"publisher\":{\"@id\":\"https:\/\/kic-gospic.eu\/novo\/#organization\"},\"articleSection\":[\"KIC\"],\"inLanguage\":\"en-US\"},{\"@type\":\"WebPage\",\"@id\":\"https:\/\/kic-gospic.eu\/novo\/obiljezavanje-djecjeg-tjedna\/\",\"url\":\"https:\/\/kic-gospic.eu\/novo\/obiljezavanje-djecjeg-tjedna\/\",\"name\":\"OBILJE\u017dAVANJE DJE\u010cJEG TJEDNA | Kulturno Informativni Centar Gospi\u0107\",\"isPartOf\":{\"@id\":\"https:\/\/kic-gospic.eu\/novo\/#website\"},\"datePublished\":\"2017-02-24T12:54:16+00:00\",\"dateModified\":\"2017-02-24T12:55:24+00:00\",\"breadcrumb\":{\"@id\":\"https:\/\/kic-gospic.eu\/novo\/obiljezavanje-djecjeg-tjedna\/#breadcrumb\"},\"inLanguage\":\"en-US\",\"potentialAction\":[{\"@type\":\"ReadAction\",\"target\":[\"https:\/\/kic-gospic.eu\/novo\/obiljezavanje-djecjeg-tjedna\/\"]}]},{\"@type\":\"BreadcrumbList\",\"@id\":\"https:\/\/kic-gospic.eu\/novo\/obiljezavanje-djecjeg-tjedna\/#breadcrumb\",\"itemListElement\":[{\"@type\":\"ListItem\",\"position\":1,\"name\":\"Home\",\"item\":\"https:\/\/kic-gospic.eu\/novo\/\"},{\"@type\":\"ListItem\",\"position\":2,\"name\":\"OBILJE\u017dAVANJE DJE\u010cJEG TJEDNA\"}]},{\"@type\":\"WebSite\",\"@id\":\"https:\/\/kic-gospic.eu\/novo\/#website\",\"url\":\"https:\/\/kic-gospic.eu\/novo\/\",\"name\":\"Kulturno Informativni Centar Gospi\u0107\",\"description\":\"\",\"publisher\":{\"@id\":\"https:\/\/kic-gospic.eu\/novo\/#organization\"},\"potentialAction\":[{\"@type\":\"SearchAction\",\"target\":{\"@type\":\"EntryPoint\",\"urlTemplate\":\"https:\/\/kic-gospic.eu\/novo\/?s={search_term_string}\"},\"query-input\":\"required name=search_term_string\"}],\"inLanguage\":\"en-US\"},{\"@type\":\"Organization\",\"@id\":\"https:\/\/kic-gospic.eu\/novo\/#organization\",\"name\":\"Kulturno Informativni Centar\",\"url\":\"https:\/\/kic-gospic.eu\/novo\/\",\"logo\":{\"@type\":\"ImageObject\",\"inLanguage\":\"en-US\",\"@id\":\"https:\/\/kic-gospic.eu\/novo\/#\/schema\/logo\/image\/\",\"url\":\"http:\/\/www.kic-gospic.eu\/wp-content\/uploads\/2017\/02\/kic-gospic-logo.jpg\",\"contentUrl\":\"http:\/\/www.kic-gospic.eu\/wp-content\/uploads\/2017\/02\/kic-gospic-logo.jpg\",\"width\":150,\"height\":150,\"caption\":\"Kulturno Informativni Centar\"},\"image\":{\"@id\":\"https:\/\/kic-gospic.eu\/novo\/#\/schema\/logo\/image\/\"},\"sameAs\":[\"https:\/\/www.facebook.com\/kicgospic\/\"]},{\"@type\":\"Person\",\"@id\":\"\",\"url\":\"https:\/\/kic-gospic.eu\/novo\/author\/\"}]}<\/script>\n<!-- \/ Yoast SEO plugin. -->","yoast_head_json":{"title":"OBILJE\u017dAVANJE DJE\u010cJEG TJEDNA | Kulturno Informativni Centar Gospi\u0107","robots":{"index":"index","follow":"follow","max-snippet":"max-snippet:-1","max-image-preview":"max-image-preview:large","max-video-preview":"max-video-preview:-1"},"canonical":"https:\/\/kic-gospic.eu\/novo\/obiljezavanje-djecjeg-tjedna\/","og_locale":"en_US","og_type":"article","og_title":"OBILJE\u017dAVANJE DJE\u010cJEG TJEDNA | Kulturno Informativni Centar Gospi\u0107","og_description":"OBILJE\u017dAVANJE DJE\u010cJEG TJEDNA U sklopu obilje\u017eavanja Dje\u010djeg tjedna sudjelovali smo u prvoj fazi Akcije \u201eZa prirodu se potrudi i kreativan budi\u201c. Akcija je odr\u017eana s ciljem podizanja svijesti mje\u0161tana i mladih o bitnosti o\u010duvanja okoli\u0161a te pravilnog odlaganja otpada u za to predvi\u0111ene kontejnere.","og_url":"https:\/\/kic-gospic.eu\/novo\/obiljezavanje-djecjeg-tjedna\/","og_site_name":"Kulturno Informativni Centar Gospi\u0107","article_publisher":"https:\/\/www.facebook.com\/kicgospic\/","article_published_time":"2017-02-24T12:54:16+00:00","article_modified_time":"2017-02-24T12:55:24+00:00","og_image":[{"width":448,"height":336,"url":"https:\/\/kic-gospic.eu\/novo\/wp-content\/uploads\/2017\/02\/ODtjedna.jpg","type":"image\/jpeg"}],"twitter_card":"summary_large_image","twitter_misc":{"Written by":""},"schema":{"@context":"https:\/\/schema.org","@graph":[{"@type":"Article","@id":"https:\/\/kic-gospic.eu\/novo\/obiljezavanje-djecjeg-tjedna\/#article","isPartOf":{"@id":"https:\/\/kic-gospic.eu\/novo\/obiljezavanje-djecjeg-tjedna\/"},"author":{"name":"","@id":""},"headline":"OBILJE\u017dAVANJE DJE\u010cJEG TJEDNA","datePublished":"2017-02-24T12:54:16+00:00","dateModified":"2017-02-24T12:55:24+00:00","mainEntityOfPage":{"@id":"https:\/\/kic-gospic.eu\/novo\/obiljezavanje-djecjeg-tjedna\/"},"wordCount":58,"publisher":{"@id":"https:\/\/kic-gospic.eu\/novo\/#organization"},"articleSection":["KIC"],"inLanguage":"en-US"},{"@type":"WebPage","@id":"https:\/\/kic-gospic.eu\/novo\/obiljezavanje-djecjeg-tjedna\/","url":"https:\/\/kic-gospic.eu\/novo\/obiljezavanje-djecjeg-tjedna\/","name":"OBILJE\u017dAVANJE DJE\u010cJEG TJEDNA | Kulturno Informativni Centar Gospi\u0107","isPartOf":{"@id":"https:\/\/kic-gospic.eu\/novo\/#website"},"datePublished":"2017-02-24T12:54:16+00:00","dateModified":"2017-02-24T12:55:24+00:00","breadcrumb":{"@id":"https:\/\/kic-gospic.eu\/novo\/obiljezavanje-djecjeg-tjedna\/#breadcrumb"},"inLanguage":"en-US","potentialAction":[{"@type":"ReadAction","target":["https:\/\/kic-gospic.eu\/novo\/obiljezavanje-djecjeg-tjedna\/"]}]},{"@type":"BreadcrumbList","@id":"https:\/\/kic-gospic.eu\/novo\/obiljezavanje-djecjeg-tjedna\/#breadcrumb","itemListElement":[{"@type":"ListItem","position":1,"name":"Home","item":"https:\/\/kic-gospic.eu\/novo\/"},{"@type":"ListItem","position":2,"name":"OBILJE\u017dAVANJE DJE\u010cJEG TJEDNA"}]},{"@type":"WebSite","@id":"https:\/\/kic-gospic.eu\/novo\/#website","url":"https:\/\/kic-gospic.eu\/novo\/","name":"Kulturno Informativni Centar Gospi\u0107","description":"","publisher":{"@id":"https:\/\/kic-gospic.eu\/novo\/#organization"},"potentialAction":[{"@type":"SearchAction","target":{"@type":"EntryPoint","urlTemplate":"https:\/\/kic-gospic.eu\/novo\/?s={search_term_string}"},"query-input":"required name=search_term_string"}],"inLanguage":"en-US"},{"@type":"Organization","@id":"https:\/\/kic-gospic.eu\/novo\/#organization","name":"Kulturno Informativni Centar","url":"https:\/\/kic-gospic.eu\/novo\/","logo":{"@type":"ImageObject","inLanguage":"en-US","@id":"https:\/\/kic-gospic.eu\/novo\/#\/schema\/logo\/image\/","url":"http:\/\/www.kic-gospic.eu\/wp-content\/uploads\/2017\/02\/kic-gospic-logo.jpg","contentUrl":"http:\/\/www.kic-gospic.eu\/wp-content\/uploads\/2017\/02\/kic-gospic-logo.jpg","width":150,"height":150,"caption":"Kulturno Informativni Centar"},"image":{"@id":"https:\/\/kic-gospic.eu\/novo\/#\/schema\/logo\/image\/"},"sameAs":["https:\/\/www.facebook.com\/kicgospic\/"]},{"@type":"Person","@id":"","url":"https:\/\/kic-gospic.eu\/novo\/author\/"}]}},"_links":{"self":[{"href":"https:\/\/kic-gospic.eu\/novo\/wp-json\/wp\/v2\/posts\/468"}],"collection":[{"href":"https:\/\/kic-gospic.eu\/novo\/wp-json\/wp\/v2\/posts"}],"about":[{"href":"https:\/\/kic-gospic.eu\/novo\/wp-json\/wp\/v2\/types\/post"}],"author":[{"embeddable":true,"href":"https:\/\/kic-gospic.eu\/novo\/wp-json\/wp\/v2\/users\/3"}],"replies":[{"embeddable":true,"href":"https:\/\/kic-gospic.eu\/novo\/wp-json\/wp\/v2\/comments?post=468"}],"version-history":[{"count":0,"href":"https:\/\/kic-gospic.eu\/novo\/wp-json\/wp\/v2\/posts\/468\/revisions"}],"wp:featuredmedia":[{"embeddable":true,"href":"https:\/\/kic-gospic.eu\/novo\/wp-json\/wp\/v2\/media\/469"}],"wp:attachment":[{"href":"https:\/\/kic-gospic.eu\/novo\/wp-json\/wp\/v2\/media?parent=468"}],"wp:term":[{"taxonomy":"category","embeddable":true,"href":"https:\/\/kic-gospic.eu\/novo\/wp-json\/wp\/v2\/categories?post=468"},{"taxonomy":"post_tag","embeddable":true,"href":"https:\/\/kic-gospic.eu\/novo\/wp-json\/wp\/v2\/tags?post=468"}],"curies":[{"name":"wp","href":"https:\/\/api.w.org\/{rel}","templated":true}]}}