{"id":478,"date":"2017-02-24T13:05:27","date_gmt":"2017-02-24T13:05:27","guid":{"rendered":"http:\/\/www.kic-gospic.eu\/?p=478"},"modified":"2017-02-24T13:06:26","modified_gmt":"2017-02-24T13:06:26","slug":"odrzana-tribina-zivot-vjera","status":"publish","type":"post","link":"https:\/\/kic-gospic.eu\/novo\/odrzana-tribina-zivot-vjera\/","title":{"rendered":"ODR\u017dANA TRIBINA \u201e\u017dIVOT I VJERA\u201c"},"content":{"rendered":"<p style=\"text-align: left;\">U Kulturno Informativnom Centru Gospi\u0107 u utorak, 23. listopada 2012. godine odr\u017eana je tribina \u201e\u017dIVOT I VJERA&#8221; na temu &#8220;\u017dIVIMO LI U POSLJEDNJIM VREMENIMA?&#8221;. Rije\u010d je o prvoj tribini u ovoj pastoralnoj godini, godini vjere, \u010diji je po\u010detak svojim nastupom uveli\u010dao ugledni kanadski pisac, slikar, katoli\u010dki intelektualac i svjedok vjere Michael O&#8217;Brien.<\/p>\n<p style=\"text-align: left;\">Njegovi \u010dlanci, predavanja i knjige polaze s kr\u0161\u0107anskog pogleda na svijet, a u sredi\u0161tu naj\u010de\u0161\u0107e ima propast zapadne civilizacije i opasnost od globalnog totalitarizma.<\/p>\n<p style=\"text-align: left;\">U svojim nastupima poziva ljude na budnost vjere, ali na budnost kako bi prepoznali znakove vremena kojih je mnogo i danas, ali ljudi na\u017ealost samo prolaze pored njih.<\/p>\n<p style=\"text-align: left;\">Michael O&#8217;Brien obratio se gospi\u0107koj publici rije\u010dima suosje\u0107anja: \u201eNe \u017eelim ve\u010deras ovdje pri\u010dati kao pisac, ve\u0107 kao va\u0161 brat, \u017eelim pri\u010dati iz srca. Kad sam pisao svoje romane, ova je zemlja bila u jednom brutalnom i nemilosrdnom ratu, pri tome mislim na Vukovar i Gospi\u0107, jer su razaranja i patnje bile stra\u0161ne, a ja sam bio u drugom svijetu pi\u0161u\u0107i roman.&#8221;<\/p>\n<div class=\"clear20\"><\/div><h4 class=\"naslov-galerija-post\"><i class=\"fa fa-camera\"><\/i> <strong>Fotogalerija<\/strong> <\/h4> \n<div id=\"containerdiary\" class=\"js-masonry\">\n<div class=\"itemdiary\">\n<a href=\"https:\/\/kic-gospic.eu\/novo\/wp-content\/uploads\/2017\/02\/tribina-zivot-i-vjera2.jpg\" rel=\"478\"><img decoding=\"async\" src=\"https:\/\/kic-gospic.eu\/novo\/wp-content\/uploads\/2017\/02\/tribina-zivot-i-vjera2-235x176.jpg\" alt=\"\"  class=\"img-responsive slikadiary\" \/><\/a>\n<\/div>\n<\/div><div class=\"clear30\">\n\n<p style=\"text-align: left;\">\n","protected":false},"excerpt":{"rendered":"<p>U Kulturno Informativnom Centru Gospi\u0107 u utorak, 23. listopada 2012. godine odr\u017eana je tribina \u201e\u017dIVOT I VJERA&#8221; na temu &#8220;\u017dIVIMO LI U POSLJEDNJIM VREMENIMA?&#8221;. Rije\u010d je o prvoj tribini u ovoj pastoralnoj godini, godini vjere, \u010diji je po\u010detak svojim nastupom uveli\u010dao ugledni kanadski pisac, slikar, katoli\u010dki intelektualac i svjedok vjere Michael O&#8217;Brien. Njegovi \u010dlanci, predavanja [&hellip;]<\/p>\n","protected":false},"author":3,"featured_media":479,"comment_status":"closed","ping_status":"closed","sticky":false,"template":"","format":"standard","meta":{"footnotes":""},"categories":[1],"tags":[],"acf":[],"yoast_head":"<!-- This site is optimized with the Yoast SEO plugin v21.5 - https:\/\/yoast.com\/wordpress\/plugins\/seo\/ -->\n<title>ODR\u017dANA TRIBINA \u201e\u017dIVOT I VJERA\u201c | Kulturno Informativni Centar Gospi\u0107<\/title>\n<meta name=\"robots\" content=\"index, follow, max-snippet:-1, max-image-preview:large, max-video-preview:-1\" \/>\n<link rel=\"canonical\" href=\"https:\/\/kic-gospic.eu\/novo\/odrzana-tribina-zivot-vjera\/\" \/>\n<meta property=\"og:locale\" content=\"en_US\" \/>\n<meta property=\"og:type\" content=\"article\" \/>\n<meta property=\"og:title\" content=\"ODR\u017dANA TRIBINA \u201e\u017dIVOT I VJERA\u201c | Kulturno Informativni Centar Gospi\u0107\" \/>\n<meta property=\"og:description\" content=\"U Kulturno Informativnom Centru Gospi\u0107 u utorak, 23. listopada 2012. godine odr\u017eana je tribina \u201e\u017dIVOT I VJERA&#8221; na temu &#8220;\u017dIVIMO LI U POSLJEDNJIM VREMENIMA?&#8221;. Rije\u010d je o prvoj tribini u ovoj pastoralnoj godini, godini vjere, \u010diji je po\u010detak svojim nastupom uveli\u010dao ugledni kanadski pisac, slikar, katoli\u010dki intelektualac i svjedok vjere Michael O&#8217;Brien. Njegovi \u010dlanci, predavanja [&hellip;]\" \/>\n<meta property=\"og:url\" content=\"https:\/\/kic-gospic.eu\/novo\/odrzana-tribina-zivot-vjera\/\" \/>\n<meta property=\"og:site_name\" content=\"Kulturno Informativni Centar Gospi\u0107\" \/>\n<meta property=\"article:publisher\" content=\"https:\/\/www.facebook.com\/kicgospic\/\" \/>\n<meta property=\"article:published_time\" content=\"2017-02-24T13:05:27+00:00\" \/>\n<meta property=\"article:modified_time\" content=\"2017-02-24T13:06:26+00:00\" \/>\n<meta property=\"og:image\" content=\"https:\/\/kic-gospic.eu\/novo\/wp-content\/uploads\/2017\/02\/tribina-zivot-i-vjera.jpg\" \/>\n\t<meta property=\"og:image:width\" content=\"612\" \/>\n\t<meta property=\"og:image:height\" content=\"816\" \/>\n\t<meta property=\"og:image:type\" content=\"image\/jpeg\" \/>\n<meta name=\"twitter:card\" content=\"summary_large_image\" \/>\n<meta name=\"twitter:label1\" content=\"Written by\" \/>\n\t<meta name=\"twitter:data1\" content=\"\" \/>\n\t<meta name=\"twitter:label2\" content=\"Est. reading time\" \/>\n\t<meta name=\"twitter:data2\" content=\"1 minute\" \/>\n<script type=\"application\/ld+json\" class=\"yoast-schema-graph\">{\"@context\":\"https:\/\/schema.org\",\"@graph\":[{\"@type\":\"Article\",\"@id\":\"https:\/\/kic-gospic.eu\/novo\/odrzana-tribina-zivot-vjera\/#article\",\"isPartOf\":{\"@id\":\"https:\/\/kic-gospic.eu\/novo\/odrzana-tribina-zivot-vjera\/\"},\"author\":{\"name\":\"\",\"@id\":\"\"},\"headline\":\"ODR\u017dANA TRIBINA \u201e\u017dIVOT I VJERA\u201c\",\"datePublished\":\"2017-02-24T13:05:27+00:00\",\"dateModified\":\"2017-02-24T13:06:26+00:00\",\"mainEntityOfPage\":{\"@id\":\"https:\/\/kic-gospic.eu\/novo\/odrzana-tribina-zivot-vjera\/\"},\"wordCount\":191,\"publisher\":{\"@id\":\"https:\/\/kic-gospic.eu\/novo\/#organization\"},\"articleSection\":[\"KIC\"],\"inLanguage\":\"en-US\"},{\"@type\":\"WebPage\",\"@id\":\"https:\/\/kic-gospic.eu\/novo\/odrzana-tribina-zivot-vjera\/\",\"url\":\"https:\/\/kic-gospic.eu\/novo\/odrzana-tribina-zivot-vjera\/\",\"name\":\"ODR\u017dANA TRIBINA \u201e\u017dIVOT I VJERA\u201c | Kulturno Informativni Centar Gospi\u0107\",\"isPartOf\":{\"@id\":\"https:\/\/kic-gospic.eu\/novo\/#website\"},\"datePublished\":\"2017-02-24T13:05:27+00:00\",\"dateModified\":\"2017-02-24T13:06:26+00:00\",\"breadcrumb\":{\"@id\":\"https:\/\/kic-gospic.eu\/novo\/odrzana-tribina-zivot-vjera\/#breadcrumb\"},\"inLanguage\":\"en-US\",\"potentialAction\":[{\"@type\":\"ReadAction\",\"target\":[\"https:\/\/kic-gospic.eu\/novo\/odrzana-tribina-zivot-vjera\/\"]}]},{\"@type\":\"BreadcrumbList\",\"@id\":\"https:\/\/kic-gospic.eu\/novo\/odrzana-tribina-zivot-vjera\/#breadcrumb\",\"itemListElement\":[{\"@type\":\"ListItem\",\"position\":1,\"name\":\"Home\",\"item\":\"https:\/\/kic-gospic.eu\/novo\/\"},{\"@type\":\"ListItem\",\"position\":2,\"name\":\"ODR\u017dANA TRIBINA \u201e\u017dIVOT I VJERA\u201c\"}]},{\"@type\":\"WebSite\",\"@id\":\"https:\/\/kic-gospic.eu\/novo\/#website\",\"url\":\"https:\/\/kic-gospic.eu\/novo\/\",\"name\":\"Kulturno Informativni Centar Gospi\u0107\",\"description\":\"\",\"publisher\":{\"@id\":\"https:\/\/kic-gospic.eu\/novo\/#organization\"},\"potentialAction\":[{\"@type\":\"SearchAction\",\"target\":{\"@type\":\"EntryPoint\",\"urlTemplate\":\"https:\/\/kic-gospic.eu\/novo\/?s={search_term_string}\"},\"query-input\":\"required name=search_term_string\"}],\"inLanguage\":\"en-US\"},{\"@type\":\"Organization\",\"@id\":\"https:\/\/kic-gospic.eu\/novo\/#organization\",\"name\":\"Kulturno Informativni Centar\",\"url\":\"https:\/\/kic-gospic.eu\/novo\/\",\"logo\":{\"@type\":\"ImageObject\",\"inLanguage\":\"en-US\",\"@id\":\"https:\/\/kic-gospic.eu\/novo\/#\/schema\/logo\/image\/\",\"url\":\"http:\/\/www.kic-gospic.eu\/wp-content\/uploads\/2017\/02\/kic-gospic-logo.jpg\",\"contentUrl\":\"http:\/\/www.kic-gospic.eu\/wp-content\/uploads\/2017\/02\/kic-gospic-logo.jpg\",\"width\":150,\"height\":150,\"caption\":\"Kulturno Informativni Centar\"},\"image\":{\"@id\":\"https:\/\/kic-gospic.eu\/novo\/#\/schema\/logo\/image\/\"},\"sameAs\":[\"https:\/\/www.facebook.com\/kicgospic\/\"]},{\"@type\":\"Person\",\"@id\":\"\",\"url\":\"https:\/\/kic-gospic.eu\/novo\/author\/\"}]}<\/script>\n<!-- \/ Yoast SEO plugin. -->","yoast_head_json":{"title":"ODR\u017dANA TRIBINA \u201e\u017dIVOT I VJERA\u201c | Kulturno Informativni Centar Gospi\u0107","robots":{"index":"index","follow":"follow","max-snippet":"max-snippet:-1","max-image-preview":"max-image-preview:large","max-video-preview":"max-video-preview:-1"},"canonical":"https:\/\/kic-gospic.eu\/novo\/odrzana-tribina-zivot-vjera\/","og_locale":"en_US","og_type":"article","og_title":"ODR\u017dANA TRIBINA \u201e\u017dIVOT I VJERA\u201c | Kulturno Informativni Centar Gospi\u0107","og_description":"U Kulturno Informativnom Centru Gospi\u0107 u utorak, 23. listopada 2012. godine odr\u017eana je tribina \u201e\u017dIVOT I VJERA&#8221; na temu &#8220;\u017dIVIMO LI U POSLJEDNJIM VREMENIMA?&#8221;. Rije\u010d je o prvoj tribini u ovoj pastoralnoj godini, godini vjere, \u010diji je po\u010detak svojim nastupom uveli\u010dao ugledni kanadski pisac, slikar, katoli\u010dki intelektualac i svjedok vjere Michael O&#8217;Brien. Njegovi \u010dlanci, predavanja [&hellip;]","og_url":"https:\/\/kic-gospic.eu\/novo\/odrzana-tribina-zivot-vjera\/","og_site_name":"Kulturno Informativni Centar Gospi\u0107","article_publisher":"https:\/\/www.facebook.com\/kicgospic\/","article_published_time":"2017-02-24T13:05:27+00:00","article_modified_time":"2017-02-24T13:06:26+00:00","og_image":[{"width":612,"height":816,"url":"https:\/\/kic-gospic.eu\/novo\/wp-content\/uploads\/2017\/02\/tribina-zivot-i-vjera.jpg","type":"image\/jpeg"}],"twitter_card":"summary_large_image","twitter_misc":{"Written by":"","Est. reading time":"1 minute"},"schema":{"@context":"https:\/\/schema.org","@graph":[{"@type":"Article","@id":"https:\/\/kic-gospic.eu\/novo\/odrzana-tribina-zivot-vjera\/#article","isPartOf":{"@id":"https:\/\/kic-gospic.eu\/novo\/odrzana-tribina-zivot-vjera\/"},"author":{"name":"","@id":""},"headline":"ODR\u017dANA TRIBINA \u201e\u017dIVOT I VJERA\u201c","datePublished":"2017-02-24T13:05:27+00:00","dateModified":"2017-02-24T13:06:26+00:00","mainEntityOfPage":{"@id":"https:\/\/kic-gospic.eu\/novo\/odrzana-tribina-zivot-vjera\/"},"wordCount":191,"publisher":{"@id":"https:\/\/kic-gospic.eu\/novo\/#organization"},"articleSection":["KIC"],"inLanguage":"en-US"},{"@type":"WebPage","@id":"https:\/\/kic-gospic.eu\/novo\/odrzana-tribina-zivot-vjera\/","url":"https:\/\/kic-gospic.eu\/novo\/odrzana-tribina-zivot-vjera\/","name":"ODR\u017dANA TRIBINA \u201e\u017dIVOT I VJERA\u201c | Kulturno Informativni Centar Gospi\u0107","isPartOf":{"@id":"https:\/\/kic-gospic.eu\/novo\/#website"},"datePublished":"2017-02-24T13:05:27+00:00","dateModified":"2017-02-24T13:06:26+00:00","breadcrumb":{"@id":"https:\/\/kic-gospic.eu\/novo\/odrzana-tribina-zivot-vjera\/#breadcrumb"},"inLanguage":"en-US","potentialAction":[{"@type":"ReadAction","target":["https:\/\/kic-gospic.eu\/novo\/odrzana-tribina-zivot-vjera\/"]}]},{"@type":"BreadcrumbList","@id":"https:\/\/kic-gospic.eu\/novo\/odrzana-tribina-zivot-vjera\/#breadcrumb","itemListElement":[{"@type":"ListItem","position":1,"name":"Home","item":"https:\/\/kic-gospic.eu\/novo\/"},{"@type":"ListItem","position":2,"name":"ODR\u017dANA TRIBINA \u201e\u017dIVOT I VJERA\u201c"}]},{"@type":"WebSite","@id":"https:\/\/kic-gospic.eu\/novo\/#website","url":"https:\/\/kic-gospic.eu\/novo\/","name":"Kulturno Informativni Centar Gospi\u0107","description":"","publisher":{"@id":"https:\/\/kic-gospic.eu\/novo\/#organization"},"potentialAction":[{"@type":"SearchAction","target":{"@type":"EntryPoint","urlTemplate":"https:\/\/kic-gospic.eu\/novo\/?s={search_term_string}"},"query-input":"required name=search_term_string"}],"inLanguage":"en-US"},{"@type":"Organization","@id":"https:\/\/kic-gospic.eu\/novo\/#organization","name":"Kulturno Informativni Centar","url":"https:\/\/kic-gospic.eu\/novo\/","logo":{"@type":"ImageObject","inLanguage":"en-US","@id":"https:\/\/kic-gospic.eu\/novo\/#\/schema\/logo\/image\/","url":"http:\/\/www.kic-gospic.eu\/wp-content\/uploads\/2017\/02\/kic-gospic-logo.jpg","contentUrl":"http:\/\/www.kic-gospic.eu\/wp-content\/uploads\/2017\/02\/kic-gospic-logo.jpg","width":150,"height":150,"caption":"Kulturno Informativni Centar"},"image":{"@id":"https:\/\/kic-gospic.eu\/novo\/#\/schema\/logo\/image\/"},"sameAs":["https:\/\/www.facebook.com\/kicgospic\/"]},{"@type":"Person","@id":"","url":"https:\/\/kic-gospic.eu\/novo\/author\/"}]}},"_links":{"self":[{"href":"https:\/\/kic-gospic.eu\/novo\/wp-json\/wp\/v2\/posts\/478"}],"collection":[{"href":"https:\/\/kic-gospic.eu\/novo\/wp-json\/wp\/v2\/posts"}],"about":[{"href":"https:\/\/kic-gospic.eu\/novo\/wp-json\/wp\/v2\/types\/post"}],"author":[{"embeddable":true,"href":"https:\/\/kic-gospic.eu\/novo\/wp-json\/wp\/v2\/users\/3"}],"replies":[{"embeddable":true,"href":"https:\/\/kic-gospic.eu\/novo\/wp-json\/wp\/v2\/comments?post=478"}],"version-history":[{"count":0,"href":"https:\/\/kic-gospic.eu\/novo\/wp-json\/wp\/v2\/posts\/478\/revisions"}],"wp:featuredmedia":[{"embeddable":true,"href":"https:\/\/kic-gospic.eu\/novo\/wp-json\/wp\/v2\/media\/479"}],"wp:attachment":[{"href":"https:\/\/kic-gospic.eu\/novo\/wp-json\/wp\/v2\/media?parent=478"}],"wp:term":[{"taxonomy":"category","embeddable":true,"href":"https:\/\/kic-gospic.eu\/novo\/wp-json\/wp\/v2\/categories?post=478"},{"taxonomy":"post_tag","embeddable":true,"href":"https:\/\/kic-gospic.eu\/novo\/wp-json\/wp\/v2\/tags?post=478"}],"curies":[{"name":"wp","href":"https:\/\/api.w.org\/{rel}","templated":true}]}}