{"id":528,"date":"2017-02-25T18:18:53","date_gmt":"2017-02-25T18:18:53","guid":{"rendered":"http:\/\/www.kic-gospic.eu\/?p=528"},"modified":"2017-02-25T18:18:53","modified_gmt":"2017-02-25T18:18:53","slug":"odrzana-tribina-krvava-cetina-novcica-hrvatski-zrtvoslov","status":"publish","type":"post","link":"https:\/\/kic-gospic.eu\/novo\/odrzana-tribina-krvava-cetina-novcica-hrvatski-zrtvoslov\/","title":{"rendered":"ODR\u017dANA TRIBINA KRVAVA CETINA\u2026 i NOV\u010cICA&#8230; &#038; HRVATSKI \u017dRTVOSLOV"},"content":{"rendered":"<p>U Kulturno Informativnom Centru Gospi\u0107, javnoj ustanovi za kulturu <strong>u utorak,\u00a0 12. o\u017eujka 2013. godine s po\u010detkom u 19,00 sati odr\u017eana je tribina \u201e\u017divot i vjera\u201c na temu KRVAVA CETINA\u2026 i \u00a0NOV\u010cICA&#8230; &amp; \u00a0HRVATSKI \u00a0\u017dRTVOSLOV.<\/strong>\u00a0 \u00a0\u00a0Moderator tribine don An\u0111elko Ka\u0107unko, nakon \u0161to je ispri\u010dao nedolazak <strong>dr.<\/strong> <strong>Mile Bogovi\u0107a<\/strong>, gospi\u0107ko-senjskog biskupa te prenio njegove rije\u010di i vi\u0111enja vezana za hrvatski \u017ertvoslov, sa zadovoljstvom je najavio izlaganje povjesni\u010dara Ivana Kozlice, autora knjige \u201eKrvava Cetina \u2013 masovni pokolji u cetinskom kraju i Poljicima u Drugom svjetskom ratu\u201d.<\/p>\n<p>Knjiga u kojoj je mr. Kozlica iscrpno istra\u017eio masovne zlo\u010dine svih strana, ve\u0107inom nad civilnim stanovni\u0161tvom, nastavak je njegova magistarskog rada. I kako sam ka\u017ee: \u201eOvaj rad je moj rad, iza mene nije stajala nikakva institucija, nikakav novac, radio sam ga iz osobnog zadovoljstva. Davno sam oti\u0161ao iz Sinja pa sam o\u010dito imao neku gri\u017enju savjesti, \u017eelio sam se malo vratiti, istra\u017eiti i zapravo napraviti ne\u0161to za svoje Sinjane i svoj kraj\u201c. Iz njegova izlaganja doznajemo da je u Drugom \u00a0svjetskom ratu od Vrlike do Podstrane ubijeno je 6315 ljudi, a u masovnim pokoljima 2332 ljudi \u010dija imena donosi u knjizi. Kroz desetak godina rada istra\u017eio je 34 arhivska fonda i 20 ostalih fondova, obradio podatke iz 152 knjige, 34 znanstvena \u010dlanka i 28 novinskih \u010dlanaka, obilazio je \u00a0i teren tra\u017ee\u0107i informacije od ljudi te donosi 319 svjedo\u010danstava i 378 fotografija na 624 stranice knjige. \u201eKoliko su ti zlo\u010dini bili te\u0161ki svjedo\u010di i podatak da je deset posto stanovni\u0161tva sinjskog i polji\u010dkog kraja izgubilo \u017eivot u Drugom svjetskom ratu. Najmanje \u0161to mo\u017eemo u\u010diniti za te ljude jest ne dopustiti da njihova nevina \u017ertva padne u zaborav\u201c \u2013 zaklju\u010duje Kozlica. Na samom kraju tribine potaknut svjedo\u010danstvima povjesni\u010dara Ivana Kozlice, ali i \u010dinjenicom da u svakom mjestu ima toliko neistra\u017eenih zlo\u010dina don An\u0111elko poru\u010duje: \u201e Bez ikakva suzdr\u017eavanja, otvoreno \u0107u re\u0107i s ovoga mjesta, ovdje u Gospi\u0107u koji je tako stradao, a vi to znate bolje od mene, imamo hvala Bogu na\u0161ega Ivu Vuki\u0107a koji kao veliki entuzijast istra\u017euje, pi\u0161e i \u017ertvuje se\u2026 Ne\u0107e to napraviti nikakva vlast, to trebamo napraviti mi, kri\u017e, plo\u010du i imena, ve\u0107 sutra treba u akciju\u201c.<\/p>\n<div class=\"clear20\"><\/div><h4 class=\"naslov-galerija-post\"><i class=\"fa fa-camera\"><\/i> <strong>Fotogalerija<\/strong> <\/h4> \n<div id=\"containerdiary\" class=\"js-masonry\">\n<div class=\"itemdiary\">\n<a href=\"https:\/\/kic-gospic.eu\/novo\/wp-content\/uploads\/2017\/02\/P3120289.jpg\" rel=\"528\"><img decoding=\"async\" src=\"https:\/\/kic-gospic.eu\/novo\/wp-content\/uploads\/2017\/02\/P3120289-235x176.jpg\" alt=\"\"  class=\"img-responsive slikadiary\" \/><\/a>\n<\/div>\n<\/div><div class=\"clear30\">\n\n","protected":false},"excerpt":{"rendered":"<p>U Kulturno Informativnom Centru Gospi\u0107, javnoj ustanovi za kulturu u utorak,\u00a0 12. o\u017eujka 2013. godine s po\u010detkom u 19,00 sati odr\u017eana je tribina \u201e\u017divot i vjera\u201c na temu KRVAVA CETINA\u2026 i \u00a0NOV\u010cICA&#8230; &amp; \u00a0HRVATSKI \u00a0\u017dRTVOSLOV.\u00a0 \u00a0\u00a0Moderator tribine don An\u0111elko Ka\u0107unko, nakon \u0161to je ispri\u010dao nedolazak dr. Mile Bogovi\u0107a, gospi\u0107ko-senjskog biskupa te prenio njegove rije\u010di i [&hellip;]<\/p>\n","protected":false},"author":2,"featured_media":529,"comment_status":"closed","ping_status":"closed","sticky":false,"template":"","format":"standard","meta":{"footnotes":""},"categories":[1],"tags":[],"acf":[],"yoast_head":"<!-- This site is optimized with the Yoast SEO plugin v21.5 - https:\/\/yoast.com\/wordpress\/plugins\/seo\/ -->\n<title>ODR\u017dANA TRIBINA KRVAVA CETINA\u2026 i NOV\u010cICA... &amp; HRVATSKI \u017dRTVOSLOV | Kulturno Informativni Centar Gospi\u0107<\/title>\n<meta name=\"robots\" content=\"index, follow, max-snippet:-1, max-image-preview:large, max-video-preview:-1\" \/>\n<link rel=\"canonical\" href=\"https:\/\/kic-gospic.eu\/novo\/odrzana-tribina-krvava-cetina-novcica-hrvatski-zrtvoslov\/\" \/>\n<meta property=\"og:locale\" content=\"en_US\" \/>\n<meta property=\"og:type\" content=\"article\" \/>\n<meta property=\"og:title\" content=\"ODR\u017dANA TRIBINA KRVAVA CETINA\u2026 i NOV\u010cICA... &amp; HRVATSKI \u017dRTVOSLOV | Kulturno Informativni Centar Gospi\u0107\" \/>\n<meta property=\"og:description\" content=\"U Kulturno Informativnom Centru Gospi\u0107, javnoj ustanovi za kulturu u utorak,\u00a0 12. o\u017eujka 2013. godine s po\u010detkom u 19,00 sati odr\u017eana je tribina \u201e\u017divot i vjera\u201c na temu KRVAVA CETINA\u2026 i \u00a0NOV\u010cICA&#8230; &amp; \u00a0HRVATSKI \u00a0\u017dRTVOSLOV.\u00a0 \u00a0\u00a0Moderator tribine don An\u0111elko Ka\u0107unko, nakon \u0161to je ispri\u010dao nedolazak dr. Mile Bogovi\u0107a, gospi\u0107ko-senjskog biskupa te prenio njegove rije\u010di i [&hellip;]\" \/>\n<meta property=\"og:url\" content=\"https:\/\/kic-gospic.eu\/novo\/odrzana-tribina-krvava-cetina-novcica-hrvatski-zrtvoslov\/\" \/>\n<meta property=\"og:site_name\" content=\"Kulturno Informativni Centar Gospi\u0107\" \/>\n<meta property=\"article:publisher\" content=\"https:\/\/www.facebook.com\/kicgospic\/\" \/>\n<meta property=\"article:published_time\" content=\"2017-02-25T18:18:53+00:00\" \/>\n<meta property=\"og:image\" content=\"https:\/\/kic-gospic.eu\/novo\/wp-content\/uploads\/2017\/02\/P3120285.jpg\" \/>\n\t<meta property=\"og:image:width\" content=\"600\" \/>\n\t<meta property=\"og:image:height\" content=\"800\" \/>\n\t<meta property=\"og:image:type\" content=\"image\/jpeg\" \/>\n<meta name=\"author\" content=\"Tomisl@v\" \/>\n<meta name=\"twitter:card\" content=\"summary_large_image\" \/>\n<meta name=\"twitter:label1\" content=\"Written by\" \/>\n\t<meta name=\"twitter:data1\" content=\"Tomisl@v\" \/>\n\t<meta name=\"twitter:label2\" content=\"Est. reading time\" \/>\n\t<meta name=\"twitter:data2\" content=\"2 minutes\" \/>\n<script type=\"application\/ld+json\" class=\"yoast-schema-graph\">{\"@context\":\"https:\/\/schema.org\",\"@graph\":[{\"@type\":\"Article\",\"@id\":\"https:\/\/kic-gospic.eu\/novo\/odrzana-tribina-krvava-cetina-novcica-hrvatski-zrtvoslov\/#article\",\"isPartOf\":{\"@id\":\"https:\/\/kic-gospic.eu\/novo\/odrzana-tribina-krvava-cetina-novcica-hrvatski-zrtvoslov\/\"},\"author\":{\"name\":\"Tomisl@v\",\"@id\":\"https:\/\/kic-gospic.eu\/novo\/#\/schema\/person\/d22d5cace8e51a6aafca130e52523de5\"},\"headline\":\"ODR\u017dANA TRIBINA KRVAVA CETINA\u2026 i NOV\u010cICA&#8230; &#038; HRVATSKI \u017dRTVOSLOV\",\"datePublished\":\"2017-02-25T18:18:53+00:00\",\"dateModified\":\"2017-02-25T18:18:53+00:00\",\"mainEntityOfPage\":{\"@id\":\"https:\/\/kic-gospic.eu\/novo\/odrzana-tribina-krvava-cetina-novcica-hrvatski-zrtvoslov\/\"},\"wordCount\":398,\"publisher\":{\"@id\":\"https:\/\/kic-gospic.eu\/novo\/#organization\"},\"articleSection\":[\"KIC\"],\"inLanguage\":\"en-US\"},{\"@type\":\"WebPage\",\"@id\":\"https:\/\/kic-gospic.eu\/novo\/odrzana-tribina-krvava-cetina-novcica-hrvatski-zrtvoslov\/\",\"url\":\"https:\/\/kic-gospic.eu\/novo\/odrzana-tribina-krvava-cetina-novcica-hrvatski-zrtvoslov\/\",\"name\":\"ODR\u017dANA TRIBINA KRVAVA CETINA\u2026 i NOV\u010cICA... & HRVATSKI \u017dRTVOSLOV | Kulturno Informativni Centar Gospi\u0107\",\"isPartOf\":{\"@id\":\"https:\/\/kic-gospic.eu\/novo\/#website\"},\"datePublished\":\"2017-02-25T18:18:53+00:00\",\"dateModified\":\"2017-02-25T18:18:53+00:00\",\"breadcrumb\":{\"@id\":\"https:\/\/kic-gospic.eu\/novo\/odrzana-tribina-krvava-cetina-novcica-hrvatski-zrtvoslov\/#breadcrumb\"},\"inLanguage\":\"en-US\",\"potentialAction\":[{\"@type\":\"ReadAction\",\"target\":[\"https:\/\/kic-gospic.eu\/novo\/odrzana-tribina-krvava-cetina-novcica-hrvatski-zrtvoslov\/\"]}]},{\"@type\":\"BreadcrumbList\",\"@id\":\"https:\/\/kic-gospic.eu\/novo\/odrzana-tribina-krvava-cetina-novcica-hrvatski-zrtvoslov\/#breadcrumb\",\"itemListElement\":[{\"@type\":\"ListItem\",\"position\":1,\"name\":\"Home\",\"item\":\"https:\/\/kic-gospic.eu\/novo\/\"},{\"@type\":\"ListItem\",\"position\":2,\"name\":\"ODR\u017dANA TRIBINA KRVAVA CETINA\u2026 i NOV\u010cICA&#8230; &#038; HRVATSKI \u017dRTVOSLOV\"}]},{\"@type\":\"WebSite\",\"@id\":\"https:\/\/kic-gospic.eu\/novo\/#website\",\"url\":\"https:\/\/kic-gospic.eu\/novo\/\",\"name\":\"Kulturno Informativni Centar Gospi\u0107\",\"description\":\"\",\"publisher\":{\"@id\":\"https:\/\/kic-gospic.eu\/novo\/#organization\"},\"potentialAction\":[{\"@type\":\"SearchAction\",\"target\":{\"@type\":\"EntryPoint\",\"urlTemplate\":\"https:\/\/kic-gospic.eu\/novo\/?s={search_term_string}\"},\"query-input\":\"required name=search_term_string\"}],\"inLanguage\":\"en-US\"},{\"@type\":\"Organization\",\"@id\":\"https:\/\/kic-gospic.eu\/novo\/#organization\",\"name\":\"Kulturno Informativni Centar\",\"url\":\"https:\/\/kic-gospic.eu\/novo\/\",\"logo\":{\"@type\":\"ImageObject\",\"inLanguage\":\"en-US\",\"@id\":\"https:\/\/kic-gospic.eu\/novo\/#\/schema\/logo\/image\/\",\"url\":\"http:\/\/www.kic-gospic.eu\/wp-content\/uploads\/2017\/02\/kic-gospic-logo.jpg\",\"contentUrl\":\"http:\/\/www.kic-gospic.eu\/wp-content\/uploads\/2017\/02\/kic-gospic-logo.jpg\",\"width\":150,\"height\":150,\"caption\":\"Kulturno Informativni Centar\"},\"image\":{\"@id\":\"https:\/\/kic-gospic.eu\/novo\/#\/schema\/logo\/image\/\"},\"sameAs\":[\"https:\/\/www.facebook.com\/kicgospic\/\"]},{\"@type\":\"Person\",\"@id\":\"https:\/\/kic-gospic.eu\/novo\/#\/schema\/person\/d22d5cace8e51a6aafca130e52523de5\",\"name\":\"Tomisl@v\",\"image\":{\"@type\":\"ImageObject\",\"inLanguage\":\"en-US\",\"@id\":\"https:\/\/kic-gospic.eu\/novo\/#\/schema\/person\/image\/\",\"url\":\"https:\/\/secure.gravatar.com\/avatar\/523e155093650b18eebcea5314af2693?s=96&d=mm&r=g\",\"contentUrl\":\"https:\/\/secure.gravatar.com\/avatar\/523e155093650b18eebcea5314af2693?s=96&d=mm&r=g\",\"caption\":\"Tomisl@v\"},\"url\":\"https:\/\/kic-gospic.eu\/novo\/author\/tomislv\/\"}]}<\/script>\n<!-- \/ Yoast SEO plugin. -->","yoast_head_json":{"title":"ODR\u017dANA TRIBINA KRVAVA CETINA\u2026 i NOV\u010cICA... & HRVATSKI \u017dRTVOSLOV | Kulturno Informativni Centar Gospi\u0107","robots":{"index":"index","follow":"follow","max-snippet":"max-snippet:-1","max-image-preview":"max-image-preview:large","max-video-preview":"max-video-preview:-1"},"canonical":"https:\/\/kic-gospic.eu\/novo\/odrzana-tribina-krvava-cetina-novcica-hrvatski-zrtvoslov\/","og_locale":"en_US","og_type":"article","og_title":"ODR\u017dANA TRIBINA KRVAVA CETINA\u2026 i NOV\u010cICA... & HRVATSKI \u017dRTVOSLOV | Kulturno Informativni Centar Gospi\u0107","og_description":"U Kulturno Informativnom Centru Gospi\u0107, javnoj ustanovi za kulturu u utorak,\u00a0 12. o\u017eujka 2013. godine s po\u010detkom u 19,00 sati odr\u017eana je tribina \u201e\u017divot i vjera\u201c na temu KRVAVA CETINA\u2026 i \u00a0NOV\u010cICA&#8230; &amp; \u00a0HRVATSKI \u00a0\u017dRTVOSLOV.\u00a0 \u00a0\u00a0Moderator tribine don An\u0111elko Ka\u0107unko, nakon \u0161to je ispri\u010dao nedolazak dr. Mile Bogovi\u0107a, gospi\u0107ko-senjskog biskupa te prenio njegove rije\u010di i [&hellip;]","og_url":"https:\/\/kic-gospic.eu\/novo\/odrzana-tribina-krvava-cetina-novcica-hrvatski-zrtvoslov\/","og_site_name":"Kulturno Informativni Centar Gospi\u0107","article_publisher":"https:\/\/www.facebook.com\/kicgospic\/","article_published_time":"2017-02-25T18:18:53+00:00","og_image":[{"width":600,"height":800,"url":"https:\/\/kic-gospic.eu\/novo\/wp-content\/uploads\/2017\/02\/P3120285.jpg","type":"image\/jpeg"}],"author":"Tomisl@v","twitter_card":"summary_large_image","twitter_misc":{"Written by":"Tomisl@v","Est. reading time":"2 minutes"},"schema":{"@context":"https:\/\/schema.org","@graph":[{"@type":"Article","@id":"https:\/\/kic-gospic.eu\/novo\/odrzana-tribina-krvava-cetina-novcica-hrvatski-zrtvoslov\/#article","isPartOf":{"@id":"https:\/\/kic-gospic.eu\/novo\/odrzana-tribina-krvava-cetina-novcica-hrvatski-zrtvoslov\/"},"author":{"name":"Tomisl@v","@id":"https:\/\/kic-gospic.eu\/novo\/#\/schema\/person\/d22d5cace8e51a6aafca130e52523de5"},"headline":"ODR\u017dANA TRIBINA KRVAVA CETINA\u2026 i NOV\u010cICA&#8230; &#038; HRVATSKI \u017dRTVOSLOV","datePublished":"2017-02-25T18:18:53+00:00","dateModified":"2017-02-25T18:18:53+00:00","mainEntityOfPage":{"@id":"https:\/\/kic-gospic.eu\/novo\/odrzana-tribina-krvava-cetina-novcica-hrvatski-zrtvoslov\/"},"wordCount":398,"publisher":{"@id":"https:\/\/kic-gospic.eu\/novo\/#organization"},"articleSection":["KIC"],"inLanguage":"en-US"},{"@type":"WebPage","@id":"https:\/\/kic-gospic.eu\/novo\/odrzana-tribina-krvava-cetina-novcica-hrvatski-zrtvoslov\/","url":"https:\/\/kic-gospic.eu\/novo\/odrzana-tribina-krvava-cetina-novcica-hrvatski-zrtvoslov\/","name":"ODR\u017dANA TRIBINA KRVAVA CETINA\u2026 i NOV\u010cICA... & HRVATSKI \u017dRTVOSLOV | Kulturno Informativni Centar Gospi\u0107","isPartOf":{"@id":"https:\/\/kic-gospic.eu\/novo\/#website"},"datePublished":"2017-02-25T18:18:53+00:00","dateModified":"2017-02-25T18:18:53+00:00","breadcrumb":{"@id":"https:\/\/kic-gospic.eu\/novo\/odrzana-tribina-krvava-cetina-novcica-hrvatski-zrtvoslov\/#breadcrumb"},"inLanguage":"en-US","potentialAction":[{"@type":"ReadAction","target":["https:\/\/kic-gospic.eu\/novo\/odrzana-tribina-krvava-cetina-novcica-hrvatski-zrtvoslov\/"]}]},{"@type":"BreadcrumbList","@id":"https:\/\/kic-gospic.eu\/novo\/odrzana-tribina-krvava-cetina-novcica-hrvatski-zrtvoslov\/#breadcrumb","itemListElement":[{"@type":"ListItem","position":1,"name":"Home","item":"https:\/\/kic-gospic.eu\/novo\/"},{"@type":"ListItem","position":2,"name":"ODR\u017dANA TRIBINA KRVAVA CETINA\u2026 i NOV\u010cICA&#8230; &#038; HRVATSKI \u017dRTVOSLOV"}]},{"@type":"WebSite","@id":"https:\/\/kic-gospic.eu\/novo\/#website","url":"https:\/\/kic-gospic.eu\/novo\/","name":"Kulturno Informativni Centar Gospi\u0107","description":"","publisher":{"@id":"https:\/\/kic-gospic.eu\/novo\/#organization"},"potentialAction":[{"@type":"SearchAction","target":{"@type":"EntryPoint","urlTemplate":"https:\/\/kic-gospic.eu\/novo\/?s={search_term_string}"},"query-input":"required name=search_term_string"}],"inLanguage":"en-US"},{"@type":"Organization","@id":"https:\/\/kic-gospic.eu\/novo\/#organization","name":"Kulturno Informativni Centar","url":"https:\/\/kic-gospic.eu\/novo\/","logo":{"@type":"ImageObject","inLanguage":"en-US","@id":"https:\/\/kic-gospic.eu\/novo\/#\/schema\/logo\/image\/","url":"http:\/\/www.kic-gospic.eu\/wp-content\/uploads\/2017\/02\/kic-gospic-logo.jpg","contentUrl":"http:\/\/www.kic-gospic.eu\/wp-content\/uploads\/2017\/02\/kic-gospic-logo.jpg","width":150,"height":150,"caption":"Kulturno Informativni Centar"},"image":{"@id":"https:\/\/kic-gospic.eu\/novo\/#\/schema\/logo\/image\/"},"sameAs":["https:\/\/www.facebook.com\/kicgospic\/"]},{"@type":"Person","@id":"https:\/\/kic-gospic.eu\/novo\/#\/schema\/person\/d22d5cace8e51a6aafca130e52523de5","name":"Tomisl@v","image":{"@type":"ImageObject","inLanguage":"en-US","@id":"https:\/\/kic-gospic.eu\/novo\/#\/schema\/person\/image\/","url":"https:\/\/secure.gravatar.com\/avatar\/523e155093650b18eebcea5314af2693?s=96&d=mm&r=g","contentUrl":"https:\/\/secure.gravatar.com\/avatar\/523e155093650b18eebcea5314af2693?s=96&d=mm&r=g","caption":"Tomisl@v"},"url":"https:\/\/kic-gospic.eu\/novo\/author\/tomislv\/"}]}},"_links":{"self":[{"href":"https:\/\/kic-gospic.eu\/novo\/wp-json\/wp\/v2\/posts\/528"}],"collection":[{"href":"https:\/\/kic-gospic.eu\/novo\/wp-json\/wp\/v2\/posts"}],"about":[{"href":"https:\/\/kic-gospic.eu\/novo\/wp-json\/wp\/v2\/types\/post"}],"author":[{"embeddable":true,"href":"https:\/\/kic-gospic.eu\/novo\/wp-json\/wp\/v2\/users\/2"}],"replies":[{"embeddable":true,"href":"https:\/\/kic-gospic.eu\/novo\/wp-json\/wp\/v2\/comments?post=528"}],"version-history":[{"count":0,"href":"https:\/\/kic-gospic.eu\/novo\/wp-json\/wp\/v2\/posts\/528\/revisions"}],"wp:featuredmedia":[{"embeddable":true,"href":"https:\/\/kic-gospic.eu\/novo\/wp-json\/wp\/v2\/media\/529"}],"wp:attachment":[{"href":"https:\/\/kic-gospic.eu\/novo\/wp-json\/wp\/v2\/media?parent=528"}],"wp:term":[{"taxonomy":"category","embeddable":true,"href":"https:\/\/kic-gospic.eu\/novo\/wp-json\/wp\/v2\/categories?post=528"},{"taxonomy":"post_tag","embeddable":true,"href":"https:\/\/kic-gospic.eu\/novo\/wp-json\/wp\/v2\/tags?post=528"}],"curies":[{"name":"wp","href":"https:\/\/api.w.org\/{rel}","templated":true}]}}