{"id":587,"date":"2017-02-25T18:53:09","date_gmt":"2017-02-25T18:53:09","guid":{"rendered":"http:\/\/www.kic-gospic.eu\/?p=587"},"modified":"2017-02-25T18:53:09","modified_gmt":"2017-02-25T18:53:09","slug":"odrzano-predavanje-na-temu-miroslav-kraljevic","status":"publish","type":"post","link":"https:\/\/kic-gospic.eu\/novo\/odrzano-predavanje-na-temu-miroslav-kraljevic\/","title":{"rendered":"ODR\u017dANO PREDAVANJE NA TEMU MIROSLAV KRALJEVI\u0106"},"content":{"rendered":"<p><strong>ODR\u017dANO PREDAVANJE NA TEMU MIROSLAV KRALJEVI\u0106 &#8211; <\/strong><strong>06. svibnja 2014.g.<\/strong><\/p>\n<p>Predavanje na temu Miroslav Kraljevi\u0107, u KIC \u2013 u Gospi\u0107, odr\u017eao je gospodin \u017deljko Marciu\u0161, vi\u0161i kustos Moderne galerije te jedan od autora retrospektivne izlo\u017ebe Miroslava Kraljevi\u0107a. Na samom po\u010detku gospodin Marciu\u0161 izrazio je zadovoljstvo odr\u017eavanjem predavanja u mjestu gdje je Kraljevi\u0107 ro\u0111en te dodao da s razlogom mo\u017eemo biti ponosni \u0161to je mjesto njegova ro\u0111enja upravo Gospi\u0107. Opisao je Kraljevi\u0107ev put od formiranja u ovoj sredini, od Gospi\u0107a i Po\u017eege, studiranja u Be\u010du, M\u0171nchenske akademije i Pariza do formiranja moderniteta.<\/p>\n<p>\u201eModernitet utjelovljen u motivsko oblikovnim principima prije Kraljevi\u0107a u hrvatskom slikarstvu ne postoji, on je na\u0161 prvi moderni slikar, slikar koji se otklanja od tradicionalisti\u010dkih, piktoresknih veduta 19. stolje\u0107a uvode\u0107i vizualne matrice modernog duha vremena iz kojih su crpili mnogi hrvatski umjetnici.\u201c \u2013 kazao je gospodin Marciu\u0161.<\/p>\n<p>Posebno se osvrnuo na Temu velegrada (Pariz, 1911 &#8211; 1912) kada je Kraljevi\u0107 samo u godinu dana napravio 250 djela. \u201eZa Kraljevi\u0107a velegrad je vizualno polje znakova i izlo\u017eaka u kojem su svi dru\u0161tveni parametri naizgled isti \u2013 iluzija slo\u017eene slike velegrada \u2013 \u0161to postupnim razotkrivanjem \u017eivota iza <i>fasada <\/i>postaje mje\u0161avina vrijednosnih identifikacija o gradu i \u010dovjeku.\u201c \u2013 istaknuo je gospodin Marciu\u0161.<\/p>\n<p>\u0160to je Kraljevi\u0107 sve napravio do navr\u0161enih 27 godina \u017eivota, neprocjenjivo je, vrijedno svakoga divljenja i zasigurno ostaje bogato kulturno naslje\u0111e nama i onima koji dolaze iza nas.<\/p>\n<p>&nbsp;<\/p>\n","protected":false},"excerpt":{"rendered":"<p>ODR\u017dANO PREDAVANJE NA TEMU MIROSLAV KRALJEVI\u0106 &#8211; 06. svibnja 2014.g. Predavanje na temu Miroslav Kraljevi\u0107, u KIC \u2013 u Gospi\u0107, odr\u017eao je gospodin \u017deljko Marciu\u0161, vi\u0161i kustos Moderne galerije te jedan od autora retrospektivne izlo\u017ebe Miroslava Kraljevi\u0107a. Na samom po\u010detku gospodin Marciu\u0161 izrazio je zadovoljstvo odr\u017eavanjem predavanja u mjestu gdje je Kraljevi\u0107 ro\u0111en te dodao [&hellip;]<\/p>\n","protected":false},"author":2,"featured_media":588,"comment_status":"closed","ping_status":"closed","sticky":false,"template":"","format":"standard","meta":{"footnotes":""},"categories":[1],"tags":[],"acf":[],"yoast_head":"<!-- This site is optimized with the Yoast SEO plugin v21.5 - https:\/\/yoast.com\/wordpress\/plugins\/seo\/ -->\n<title>ODR\u017dANO PREDAVANJE NA TEMU MIROSLAV KRALJEVI\u0106 | Kulturno Informativni Centar Gospi\u0107<\/title>\n<meta name=\"robots\" content=\"index, follow, max-snippet:-1, max-image-preview:large, max-video-preview:-1\" \/>\n<link rel=\"canonical\" href=\"https:\/\/kic-gospic.eu\/novo\/odrzano-predavanje-na-temu-miroslav-kraljevic\/\" \/>\n<meta property=\"og:locale\" content=\"en_US\" \/>\n<meta property=\"og:type\" content=\"article\" \/>\n<meta property=\"og:title\" content=\"ODR\u017dANO PREDAVANJE NA TEMU MIROSLAV KRALJEVI\u0106 | Kulturno Informativni Centar Gospi\u0107\" \/>\n<meta property=\"og:description\" content=\"ODR\u017dANO PREDAVANJE NA TEMU MIROSLAV KRALJEVI\u0106 &#8211; 06. svibnja 2014.g. Predavanje na temu Miroslav Kraljevi\u0107, u KIC \u2013 u Gospi\u0107, odr\u017eao je gospodin \u017deljko Marciu\u0161, vi\u0161i kustos Moderne galerije te jedan od autora retrospektivne izlo\u017ebe Miroslava Kraljevi\u0107a. Na samom po\u010detku gospodin Marciu\u0161 izrazio je zadovoljstvo odr\u017eavanjem predavanja u mjestu gdje je Kraljevi\u0107 ro\u0111en te dodao [&hellip;]\" \/>\n<meta property=\"og:url\" content=\"https:\/\/kic-gospic.eu\/novo\/odrzano-predavanje-na-temu-miroslav-kraljevic\/\" \/>\n<meta property=\"og:site_name\" content=\"Kulturno Informativni Centar Gospi\u0107\" \/>\n<meta property=\"article:publisher\" content=\"https:\/\/www.facebook.com\/kicgospic\/\" \/>\n<meta property=\"article:published_time\" content=\"2017-02-25T18:53:09+00:00\" \/>\n<meta property=\"og:image\" content=\"https:\/\/kic-gospic.eu\/novo\/wp-content\/uploads\/2017\/02\/P5060008.jpg\" \/>\n\t<meta property=\"og:image:width\" content=\"800\" \/>\n\t<meta property=\"og:image:height\" content=\"600\" \/>\n\t<meta property=\"og:image:type\" content=\"image\/jpeg\" \/>\n<meta name=\"author\" content=\"Tomisl@v\" \/>\n<meta name=\"twitter:card\" content=\"summary_large_image\" \/>\n<meta name=\"twitter:label1\" content=\"Written by\" \/>\n\t<meta name=\"twitter:data1\" content=\"Tomisl@v\" \/>\n\t<meta name=\"twitter:label2\" content=\"Est. reading time\" \/>\n\t<meta name=\"twitter:data2\" content=\"1 minute\" \/>\n<script type=\"application\/ld+json\" class=\"yoast-schema-graph\">{\"@context\":\"https:\/\/schema.org\",\"@graph\":[{\"@type\":\"Article\",\"@id\":\"https:\/\/kic-gospic.eu\/novo\/odrzano-predavanje-na-temu-miroslav-kraljevic\/#article\",\"isPartOf\":{\"@id\":\"https:\/\/kic-gospic.eu\/novo\/odrzano-predavanje-na-temu-miroslav-kraljevic\/\"},\"author\":{\"name\":\"Tomisl@v\",\"@id\":\"https:\/\/kic-gospic.eu\/novo\/#\/schema\/person\/d22d5cace8e51a6aafca130e52523de5\"},\"headline\":\"ODR\u017dANO PREDAVANJE NA TEMU MIROSLAV KRALJEVI\u0106\",\"datePublished\":\"2017-02-25T18:53:09+00:00\",\"dateModified\":\"2017-02-25T18:53:09+00:00\",\"mainEntityOfPage\":{\"@id\":\"https:\/\/kic-gospic.eu\/novo\/odrzano-predavanje-na-temu-miroslav-kraljevic\/\"},\"wordCount\":251,\"publisher\":{\"@id\":\"https:\/\/kic-gospic.eu\/novo\/#organization\"},\"articleSection\":[\"KIC\"],\"inLanguage\":\"en-US\"},{\"@type\":\"WebPage\",\"@id\":\"https:\/\/kic-gospic.eu\/novo\/odrzano-predavanje-na-temu-miroslav-kraljevic\/\",\"url\":\"https:\/\/kic-gospic.eu\/novo\/odrzano-predavanje-na-temu-miroslav-kraljevic\/\",\"name\":\"ODR\u017dANO PREDAVANJE NA TEMU MIROSLAV KRALJEVI\u0106 | Kulturno Informativni Centar Gospi\u0107\",\"isPartOf\":{\"@id\":\"https:\/\/kic-gospic.eu\/novo\/#website\"},\"datePublished\":\"2017-02-25T18:53:09+00:00\",\"dateModified\":\"2017-02-25T18:53:09+00:00\",\"breadcrumb\":{\"@id\":\"https:\/\/kic-gospic.eu\/novo\/odrzano-predavanje-na-temu-miroslav-kraljevic\/#breadcrumb\"},\"inLanguage\":\"en-US\",\"potentialAction\":[{\"@type\":\"ReadAction\",\"target\":[\"https:\/\/kic-gospic.eu\/novo\/odrzano-predavanje-na-temu-miroslav-kraljevic\/\"]}]},{\"@type\":\"BreadcrumbList\",\"@id\":\"https:\/\/kic-gospic.eu\/novo\/odrzano-predavanje-na-temu-miroslav-kraljevic\/#breadcrumb\",\"itemListElement\":[{\"@type\":\"ListItem\",\"position\":1,\"name\":\"Home\",\"item\":\"https:\/\/kic-gospic.eu\/novo\/\"},{\"@type\":\"ListItem\",\"position\":2,\"name\":\"ODR\u017dANO PREDAVANJE NA TEMU MIROSLAV KRALJEVI\u0106\"}]},{\"@type\":\"WebSite\",\"@id\":\"https:\/\/kic-gospic.eu\/novo\/#website\",\"url\":\"https:\/\/kic-gospic.eu\/novo\/\",\"name\":\"Kulturno Informativni Centar Gospi\u0107\",\"description\":\"\",\"publisher\":{\"@id\":\"https:\/\/kic-gospic.eu\/novo\/#organization\"},\"potentialAction\":[{\"@type\":\"SearchAction\",\"target\":{\"@type\":\"EntryPoint\",\"urlTemplate\":\"https:\/\/kic-gospic.eu\/novo\/?s={search_term_string}\"},\"query-input\":\"required name=search_term_string\"}],\"inLanguage\":\"en-US\"},{\"@type\":\"Organization\",\"@id\":\"https:\/\/kic-gospic.eu\/novo\/#organization\",\"name\":\"Kulturno Informativni Centar\",\"url\":\"https:\/\/kic-gospic.eu\/novo\/\",\"logo\":{\"@type\":\"ImageObject\",\"inLanguage\":\"en-US\",\"@id\":\"https:\/\/kic-gospic.eu\/novo\/#\/schema\/logo\/image\/\",\"url\":\"http:\/\/www.kic-gospic.eu\/wp-content\/uploads\/2017\/02\/kic-gospic-logo.jpg\",\"contentUrl\":\"http:\/\/www.kic-gospic.eu\/wp-content\/uploads\/2017\/02\/kic-gospic-logo.jpg\",\"width\":150,\"height\":150,\"caption\":\"Kulturno Informativni Centar\"},\"image\":{\"@id\":\"https:\/\/kic-gospic.eu\/novo\/#\/schema\/logo\/image\/\"},\"sameAs\":[\"https:\/\/www.facebook.com\/kicgospic\/\"]},{\"@type\":\"Person\",\"@id\":\"https:\/\/kic-gospic.eu\/novo\/#\/schema\/person\/d22d5cace8e51a6aafca130e52523de5\",\"name\":\"Tomisl@v\",\"image\":{\"@type\":\"ImageObject\",\"inLanguage\":\"en-US\",\"@id\":\"https:\/\/kic-gospic.eu\/novo\/#\/schema\/person\/image\/\",\"url\":\"https:\/\/secure.gravatar.com\/avatar\/523e155093650b18eebcea5314af2693?s=96&d=mm&r=g\",\"contentUrl\":\"https:\/\/secure.gravatar.com\/avatar\/523e155093650b18eebcea5314af2693?s=96&d=mm&r=g\",\"caption\":\"Tomisl@v\"},\"url\":\"https:\/\/kic-gospic.eu\/novo\/author\/tomislv\/\"}]}<\/script>\n<!-- \/ Yoast SEO plugin. -->","yoast_head_json":{"title":"ODR\u017dANO PREDAVANJE NA TEMU MIROSLAV KRALJEVI\u0106 | Kulturno Informativni Centar Gospi\u0107","robots":{"index":"index","follow":"follow","max-snippet":"max-snippet:-1","max-image-preview":"max-image-preview:large","max-video-preview":"max-video-preview:-1"},"canonical":"https:\/\/kic-gospic.eu\/novo\/odrzano-predavanje-na-temu-miroslav-kraljevic\/","og_locale":"en_US","og_type":"article","og_title":"ODR\u017dANO PREDAVANJE NA TEMU MIROSLAV KRALJEVI\u0106 | Kulturno Informativni Centar Gospi\u0107","og_description":"ODR\u017dANO PREDAVANJE NA TEMU MIROSLAV KRALJEVI\u0106 &#8211; 06. svibnja 2014.g. Predavanje na temu Miroslav Kraljevi\u0107, u KIC \u2013 u Gospi\u0107, odr\u017eao je gospodin \u017deljko Marciu\u0161, vi\u0161i kustos Moderne galerije te jedan od autora retrospektivne izlo\u017ebe Miroslava Kraljevi\u0107a. Na samom po\u010detku gospodin Marciu\u0161 izrazio je zadovoljstvo odr\u017eavanjem predavanja u mjestu gdje je Kraljevi\u0107 ro\u0111en te dodao [&hellip;]","og_url":"https:\/\/kic-gospic.eu\/novo\/odrzano-predavanje-na-temu-miroslav-kraljevic\/","og_site_name":"Kulturno Informativni Centar Gospi\u0107","article_publisher":"https:\/\/www.facebook.com\/kicgospic\/","article_published_time":"2017-02-25T18:53:09+00:00","og_image":[{"width":800,"height":600,"url":"https:\/\/kic-gospic.eu\/novo\/wp-content\/uploads\/2017\/02\/P5060008.jpg","type":"image\/jpeg"}],"author":"Tomisl@v","twitter_card":"summary_large_image","twitter_misc":{"Written by":"Tomisl@v","Est. reading time":"1 minute"},"schema":{"@context":"https:\/\/schema.org","@graph":[{"@type":"Article","@id":"https:\/\/kic-gospic.eu\/novo\/odrzano-predavanje-na-temu-miroslav-kraljevic\/#article","isPartOf":{"@id":"https:\/\/kic-gospic.eu\/novo\/odrzano-predavanje-na-temu-miroslav-kraljevic\/"},"author":{"name":"Tomisl@v","@id":"https:\/\/kic-gospic.eu\/novo\/#\/schema\/person\/d22d5cace8e51a6aafca130e52523de5"},"headline":"ODR\u017dANO PREDAVANJE NA TEMU MIROSLAV KRALJEVI\u0106","datePublished":"2017-02-25T18:53:09+00:00","dateModified":"2017-02-25T18:53:09+00:00","mainEntityOfPage":{"@id":"https:\/\/kic-gospic.eu\/novo\/odrzano-predavanje-na-temu-miroslav-kraljevic\/"},"wordCount":251,"publisher":{"@id":"https:\/\/kic-gospic.eu\/novo\/#organization"},"articleSection":["KIC"],"inLanguage":"en-US"},{"@type":"WebPage","@id":"https:\/\/kic-gospic.eu\/novo\/odrzano-predavanje-na-temu-miroslav-kraljevic\/","url":"https:\/\/kic-gospic.eu\/novo\/odrzano-predavanje-na-temu-miroslav-kraljevic\/","name":"ODR\u017dANO PREDAVANJE NA TEMU MIROSLAV KRALJEVI\u0106 | Kulturno Informativni Centar Gospi\u0107","isPartOf":{"@id":"https:\/\/kic-gospic.eu\/novo\/#website"},"datePublished":"2017-02-25T18:53:09+00:00","dateModified":"2017-02-25T18:53:09+00:00","breadcrumb":{"@id":"https:\/\/kic-gospic.eu\/novo\/odrzano-predavanje-na-temu-miroslav-kraljevic\/#breadcrumb"},"inLanguage":"en-US","potentialAction":[{"@type":"ReadAction","target":["https:\/\/kic-gospic.eu\/novo\/odrzano-predavanje-na-temu-miroslav-kraljevic\/"]}]},{"@type":"BreadcrumbList","@id":"https:\/\/kic-gospic.eu\/novo\/odrzano-predavanje-na-temu-miroslav-kraljevic\/#breadcrumb","itemListElement":[{"@type":"ListItem","position":1,"name":"Home","item":"https:\/\/kic-gospic.eu\/novo\/"},{"@type":"ListItem","position":2,"name":"ODR\u017dANO PREDAVANJE NA TEMU MIROSLAV KRALJEVI\u0106"}]},{"@type":"WebSite","@id":"https:\/\/kic-gospic.eu\/novo\/#website","url":"https:\/\/kic-gospic.eu\/novo\/","name":"Kulturno Informativni Centar Gospi\u0107","description":"","publisher":{"@id":"https:\/\/kic-gospic.eu\/novo\/#organization"},"potentialAction":[{"@type":"SearchAction","target":{"@type":"EntryPoint","urlTemplate":"https:\/\/kic-gospic.eu\/novo\/?s={search_term_string}"},"query-input":"required name=search_term_string"}],"inLanguage":"en-US"},{"@type":"Organization","@id":"https:\/\/kic-gospic.eu\/novo\/#organization","name":"Kulturno Informativni Centar","url":"https:\/\/kic-gospic.eu\/novo\/","logo":{"@type":"ImageObject","inLanguage":"en-US","@id":"https:\/\/kic-gospic.eu\/novo\/#\/schema\/logo\/image\/","url":"http:\/\/www.kic-gospic.eu\/wp-content\/uploads\/2017\/02\/kic-gospic-logo.jpg","contentUrl":"http:\/\/www.kic-gospic.eu\/wp-content\/uploads\/2017\/02\/kic-gospic-logo.jpg","width":150,"height":150,"caption":"Kulturno Informativni Centar"},"image":{"@id":"https:\/\/kic-gospic.eu\/novo\/#\/schema\/logo\/image\/"},"sameAs":["https:\/\/www.facebook.com\/kicgospic\/"]},{"@type":"Person","@id":"https:\/\/kic-gospic.eu\/novo\/#\/schema\/person\/d22d5cace8e51a6aafca130e52523de5","name":"Tomisl@v","image":{"@type":"ImageObject","inLanguage":"en-US","@id":"https:\/\/kic-gospic.eu\/novo\/#\/schema\/person\/image\/","url":"https:\/\/secure.gravatar.com\/avatar\/523e155093650b18eebcea5314af2693?s=96&d=mm&r=g","contentUrl":"https:\/\/secure.gravatar.com\/avatar\/523e155093650b18eebcea5314af2693?s=96&d=mm&r=g","caption":"Tomisl@v"},"url":"https:\/\/kic-gospic.eu\/novo\/author\/tomislv\/"}]}},"_links":{"self":[{"href":"https:\/\/kic-gospic.eu\/novo\/wp-json\/wp\/v2\/posts\/587"}],"collection":[{"href":"https:\/\/kic-gospic.eu\/novo\/wp-json\/wp\/v2\/posts"}],"about":[{"href":"https:\/\/kic-gospic.eu\/novo\/wp-json\/wp\/v2\/types\/post"}],"author":[{"embeddable":true,"href":"https:\/\/kic-gospic.eu\/novo\/wp-json\/wp\/v2\/users\/2"}],"replies":[{"embeddable":true,"href":"https:\/\/kic-gospic.eu\/novo\/wp-json\/wp\/v2\/comments?post=587"}],"version-history":[{"count":0,"href":"https:\/\/kic-gospic.eu\/novo\/wp-json\/wp\/v2\/posts\/587\/revisions"}],"wp:featuredmedia":[{"embeddable":true,"href":"https:\/\/kic-gospic.eu\/novo\/wp-json\/wp\/v2\/media\/588"}],"wp:attachment":[{"href":"https:\/\/kic-gospic.eu\/novo\/wp-json\/wp\/v2\/media?parent=587"}],"wp:term":[{"taxonomy":"category","embeddable":true,"href":"https:\/\/kic-gospic.eu\/novo\/wp-json\/wp\/v2\/categories?post=587"},{"taxonomy":"post_tag","embeddable":true,"href":"https:\/\/kic-gospic.eu\/novo\/wp-json\/wp\/v2\/tags?post=587"}],"curies":[{"name":"wp","href":"https:\/\/api.w.org\/{rel}","templated":true}]}}