{"id":599,"date":"2017-02-25T18:58:40","date_gmt":"2017-02-25T18:58:40","guid":{"rendered":"http:\/\/www.kic-gospic.eu\/?p=599"},"modified":"2017-02-25T18:58:40","modified_gmt":"2017-02-25T18:58:40","slug":"vikar-crkve-nase-gospe-propovijedi-u-gospickoj-katedrali-biskupiji","status":"publish","type":"post","link":"https:\/\/kic-gospic.eu\/novo\/vikar-crkve-nase-gospe-propovijedi-u-gospickoj-katedrali-biskupiji\/","title":{"rendered":"\u201eVikar crkve Na\u0161e Gospe \u2013 Propovijedi u gospi\u0107koj katedrali i biskupiji\u201c"},"content":{"rendered":"<p>Povodom obilje\u017eavanja Dana grada Gospi\u0107a, u KIC-u Gospi\u0107 predstavljena je knjiga don An\u0111elka Ka\u0107unka \u201eVikar crkve Na\u0161e Gospe \u2013 Propovijedi u gospi\u0107koj katedrali i biskupiji\u201c. Knjiga je izbor propovijedi koje je don Ka\u0107unko tijekom tri godine odr\u017eao u gospi\u0107koj katedrali i u nekim \u017eupama Gospi\u0107ko-senjske biskupije. Uz autora, o knjizi su govorili vl\u010d. mr. Marinko Mili\u010devi\u0107 i prof. Ivica Mataija.<\/p>\n<p>\u201eSvjestan na\u0161e slabosti i tra\u017eenja odgovora koji daju smisao na\u0161em \u017eivotu, don Ka\u0107unko je svoje propovijedi uvezao u knjigu kako bismo im se mogli vratiti, pro\u010ditati, mo\u017eda razumjeti ih i prihvatiti kao na\u010delo vlastitog \u017eivljenja i \u017eivljenja s drugima po tim na\u010delima. Propovijedi don Ka\u0107unka su sa\u017eete, kratke, iz njih se i\u0161\u010ditava da on dosljedno i u\u010dinkovito brine o strukturi sastavljanja govora za propovjedaonicom dok nastoji u jednoj ruci dr\u017eati Bibliju, a u drugoj novine i internet te na taj na\u010din evan\u0111elje smjestiti u suvremenost, u na\u0161 \u017eivot. Trebaju nam propovjednici kao \u0161to je don An\u0111elko, propovjednici koji nude ponos, zajedni\u0161tvo i optimizam.\u201c &#8211; kazao je prof. Ivica Mataija.<\/p>\n<p>\u201eKratkim i razumljivim propovijedima koje su sa\u017eete u ovoj knjizi don An\u0111elko poku\u0161ava \u010dovjeka potaknuti na razmi\u0161ljanje, zato njegove propovijedi nisu u klasi\u010dnom smislu te rije\u010di radije bismo ih trebali nazvati osvje\u0161\u0107ivanjem jer se \u010dovjeka poti\u010de da razmisli odakle dolazi, kamo ide i koji je smisao njegova \u017eivota.\u201c \u2013 rije\u010di su vl\u010d. Marinka Mili\u010devi\u0107a.<\/p>\n<p>Ovo je don Ka\u0107unkova peta knjiga i priznaje, jedina koju nije \u017eelio jer je rije\u010d o ne\u010demu \u0161to je ve\u0107 pro\u0161lo, ali nakon \u0161to su vjernici gotovo poslije svake mise tra\u017eili propovijedi osjetio je\u00a0 du\u017enost da ih ukori\u010di i omogu\u0107i svima koji po\u017eele da se vrate, pro\u010ditaju i nastoje razumjeti \u00a0njegove rije\u010di.<\/p>\n","protected":false},"excerpt":{"rendered":"<p>Povodom obilje\u017eavanja Dana grada Gospi\u0107a, u KIC-u Gospi\u0107 predstavljena je knjiga don An\u0111elka Ka\u0107unka \u201eVikar crkve Na\u0161e Gospe \u2013 Propovijedi u gospi\u0107koj katedrali i biskupiji\u201c. Knjiga je izbor propovijedi koje je don Ka\u0107unko tijekom tri godine odr\u017eao u gospi\u0107koj katedrali i u nekim \u017eupama Gospi\u0107ko-senjske biskupije. Uz autora, o knjizi su govorili vl\u010d. mr. Marinko [&hellip;]<\/p>\n","protected":false},"author":2,"featured_media":600,"comment_status":"closed","ping_status":"closed","sticky":false,"template":"","format":"standard","meta":{"footnotes":""},"categories":[1],"tags":[],"acf":[],"yoast_head":"<!-- This site is optimized with the Yoast SEO plugin v21.5 - https:\/\/yoast.com\/wordpress\/plugins\/seo\/ -->\n<title>\u201eVikar crkve Na\u0161e Gospe \u2013 Propovijedi u gospi\u0107koj katedrali i biskupiji\u201c | Kulturno Informativni Centar Gospi\u0107<\/title>\n<meta name=\"robots\" content=\"index, follow, max-snippet:-1, max-image-preview:large, max-video-preview:-1\" \/>\n<link rel=\"canonical\" href=\"https:\/\/kic-gospic.eu\/novo\/vikar-crkve-nase-gospe-propovijedi-u-gospickoj-katedrali-biskupiji\/\" \/>\n<meta property=\"og:locale\" content=\"en_US\" \/>\n<meta property=\"og:type\" content=\"article\" \/>\n<meta property=\"og:title\" content=\"\u201eVikar crkve Na\u0161e Gospe \u2013 Propovijedi u gospi\u0107koj katedrali i biskupiji\u201c | Kulturno Informativni Centar Gospi\u0107\" \/>\n<meta property=\"og:description\" content=\"Povodom obilje\u017eavanja Dana grada Gospi\u0107a, u KIC-u Gospi\u0107 predstavljena je knjiga don An\u0111elka Ka\u0107unka \u201eVikar crkve Na\u0161e Gospe \u2013 Propovijedi u gospi\u0107koj katedrali i biskupiji\u201c. Knjiga je izbor propovijedi koje je don Ka\u0107unko tijekom tri godine odr\u017eao u gospi\u0107koj katedrali i u nekim \u017eupama Gospi\u0107ko-senjske biskupije. Uz autora, o knjizi su govorili vl\u010d. mr. Marinko [&hellip;]\" \/>\n<meta property=\"og:url\" content=\"https:\/\/kic-gospic.eu\/novo\/vikar-crkve-nase-gospe-propovijedi-u-gospickoj-katedrali-biskupiji\/\" \/>\n<meta property=\"og:site_name\" content=\"Kulturno Informativni Centar Gospi\u0107\" \/>\n<meta property=\"article:publisher\" content=\"https:\/\/www.facebook.com\/kicgospic\/\" \/>\n<meta property=\"article:published_time\" content=\"2017-02-25T18:58:40+00:00\" \/>\n<meta property=\"og:image\" content=\"https:\/\/kic-gospic.eu\/novo\/wp-content\/uploads\/2017\/02\/we.jpg\" \/>\n\t<meta property=\"og:image:width\" content=\"1280\" \/>\n\t<meta property=\"og:image:height\" content=\"724\" \/>\n\t<meta property=\"og:image:type\" content=\"image\/jpeg\" \/>\n<meta name=\"author\" content=\"Tomisl@v\" \/>\n<meta name=\"twitter:card\" content=\"summary_large_image\" \/>\n<meta name=\"twitter:label1\" content=\"Written by\" \/>\n\t<meta name=\"twitter:data1\" content=\"Tomisl@v\" \/>\n\t<meta name=\"twitter:label2\" content=\"Est. reading time\" \/>\n\t<meta name=\"twitter:data2\" content=\"2 minutes\" \/>\n<script type=\"application\/ld+json\" class=\"yoast-schema-graph\">{\"@context\":\"https:\/\/schema.org\",\"@graph\":[{\"@type\":\"Article\",\"@id\":\"https:\/\/kic-gospic.eu\/novo\/vikar-crkve-nase-gospe-propovijedi-u-gospickoj-katedrali-biskupiji\/#article\",\"isPartOf\":{\"@id\":\"https:\/\/kic-gospic.eu\/novo\/vikar-crkve-nase-gospe-propovijedi-u-gospickoj-katedrali-biskupiji\/\"},\"author\":{\"name\":\"Tomisl@v\",\"@id\":\"https:\/\/kic-gospic.eu\/novo\/#\/schema\/person\/d22d5cace8e51a6aafca130e52523de5\"},\"headline\":\"\u201eVikar crkve Na\u0161e Gospe \u2013 Propovijedi u gospi\u0107koj katedrali i biskupiji\u201c\",\"datePublished\":\"2017-02-25T18:58:40+00:00\",\"dateModified\":\"2017-02-25T18:58:40+00:00\",\"mainEntityOfPage\":{\"@id\":\"https:\/\/kic-gospic.eu\/novo\/vikar-crkve-nase-gospe-propovijedi-u-gospickoj-katedrali-biskupiji\/\"},\"wordCount\":334,\"publisher\":{\"@id\":\"https:\/\/kic-gospic.eu\/novo\/#organization\"},\"articleSection\":[\"KIC\"],\"inLanguage\":\"en-US\"},{\"@type\":\"WebPage\",\"@id\":\"https:\/\/kic-gospic.eu\/novo\/vikar-crkve-nase-gospe-propovijedi-u-gospickoj-katedrali-biskupiji\/\",\"url\":\"https:\/\/kic-gospic.eu\/novo\/vikar-crkve-nase-gospe-propovijedi-u-gospickoj-katedrali-biskupiji\/\",\"name\":\"\u201eVikar crkve Na\u0161e Gospe \u2013 Propovijedi u gospi\u0107koj katedrali i biskupiji\u201c | Kulturno Informativni Centar Gospi\u0107\",\"isPartOf\":{\"@id\":\"https:\/\/kic-gospic.eu\/novo\/#website\"},\"datePublished\":\"2017-02-25T18:58:40+00:00\",\"dateModified\":\"2017-02-25T18:58:40+00:00\",\"breadcrumb\":{\"@id\":\"https:\/\/kic-gospic.eu\/novo\/vikar-crkve-nase-gospe-propovijedi-u-gospickoj-katedrali-biskupiji\/#breadcrumb\"},\"inLanguage\":\"en-US\",\"potentialAction\":[{\"@type\":\"ReadAction\",\"target\":[\"https:\/\/kic-gospic.eu\/novo\/vikar-crkve-nase-gospe-propovijedi-u-gospickoj-katedrali-biskupiji\/\"]}]},{\"@type\":\"BreadcrumbList\",\"@id\":\"https:\/\/kic-gospic.eu\/novo\/vikar-crkve-nase-gospe-propovijedi-u-gospickoj-katedrali-biskupiji\/#breadcrumb\",\"itemListElement\":[{\"@type\":\"ListItem\",\"position\":1,\"name\":\"Home\",\"item\":\"https:\/\/kic-gospic.eu\/novo\/\"},{\"@type\":\"ListItem\",\"position\":2,\"name\":\"\u201eVikar crkve Na\u0161e Gospe \u2013 Propovijedi u gospi\u0107koj katedrali i biskupiji\u201c\"}]},{\"@type\":\"WebSite\",\"@id\":\"https:\/\/kic-gospic.eu\/novo\/#website\",\"url\":\"https:\/\/kic-gospic.eu\/novo\/\",\"name\":\"Kulturno Informativni Centar Gospi\u0107\",\"description\":\"\",\"publisher\":{\"@id\":\"https:\/\/kic-gospic.eu\/novo\/#organization\"},\"potentialAction\":[{\"@type\":\"SearchAction\",\"target\":{\"@type\":\"EntryPoint\",\"urlTemplate\":\"https:\/\/kic-gospic.eu\/novo\/?s={search_term_string}\"},\"query-input\":\"required name=search_term_string\"}],\"inLanguage\":\"en-US\"},{\"@type\":\"Organization\",\"@id\":\"https:\/\/kic-gospic.eu\/novo\/#organization\",\"name\":\"Kulturno Informativni Centar\",\"url\":\"https:\/\/kic-gospic.eu\/novo\/\",\"logo\":{\"@type\":\"ImageObject\",\"inLanguage\":\"en-US\",\"@id\":\"https:\/\/kic-gospic.eu\/novo\/#\/schema\/logo\/image\/\",\"url\":\"http:\/\/www.kic-gospic.eu\/wp-content\/uploads\/2017\/02\/kic-gospic-logo.jpg\",\"contentUrl\":\"http:\/\/www.kic-gospic.eu\/wp-content\/uploads\/2017\/02\/kic-gospic-logo.jpg\",\"width\":150,\"height\":150,\"caption\":\"Kulturno Informativni Centar\"},\"image\":{\"@id\":\"https:\/\/kic-gospic.eu\/novo\/#\/schema\/logo\/image\/\"},\"sameAs\":[\"https:\/\/www.facebook.com\/kicgospic\/\"]},{\"@type\":\"Person\",\"@id\":\"https:\/\/kic-gospic.eu\/novo\/#\/schema\/person\/d22d5cace8e51a6aafca130e52523de5\",\"name\":\"Tomisl@v\",\"image\":{\"@type\":\"ImageObject\",\"inLanguage\":\"en-US\",\"@id\":\"https:\/\/kic-gospic.eu\/novo\/#\/schema\/person\/image\/\",\"url\":\"https:\/\/secure.gravatar.com\/avatar\/523e155093650b18eebcea5314af2693?s=96&d=mm&r=g\",\"contentUrl\":\"https:\/\/secure.gravatar.com\/avatar\/523e155093650b18eebcea5314af2693?s=96&d=mm&r=g\",\"caption\":\"Tomisl@v\"},\"url\":\"https:\/\/kic-gospic.eu\/novo\/author\/tomislv\/\"}]}<\/script>\n<!-- \/ Yoast SEO plugin. -->","yoast_head_json":{"title":"\u201eVikar crkve Na\u0161e Gospe \u2013 Propovijedi u gospi\u0107koj katedrali i biskupiji\u201c | Kulturno Informativni Centar Gospi\u0107","robots":{"index":"index","follow":"follow","max-snippet":"max-snippet:-1","max-image-preview":"max-image-preview:large","max-video-preview":"max-video-preview:-1"},"canonical":"https:\/\/kic-gospic.eu\/novo\/vikar-crkve-nase-gospe-propovijedi-u-gospickoj-katedrali-biskupiji\/","og_locale":"en_US","og_type":"article","og_title":"\u201eVikar crkve Na\u0161e Gospe \u2013 Propovijedi u gospi\u0107koj katedrali i biskupiji\u201c | Kulturno Informativni Centar Gospi\u0107","og_description":"Povodom obilje\u017eavanja Dana grada Gospi\u0107a, u KIC-u Gospi\u0107 predstavljena je knjiga don An\u0111elka Ka\u0107unka \u201eVikar crkve Na\u0161e Gospe \u2013 Propovijedi u gospi\u0107koj katedrali i biskupiji\u201c. Knjiga je izbor propovijedi koje je don Ka\u0107unko tijekom tri godine odr\u017eao u gospi\u0107koj katedrali i u nekim \u017eupama Gospi\u0107ko-senjske biskupije. Uz autora, o knjizi su govorili vl\u010d. mr. Marinko [&hellip;]","og_url":"https:\/\/kic-gospic.eu\/novo\/vikar-crkve-nase-gospe-propovijedi-u-gospickoj-katedrali-biskupiji\/","og_site_name":"Kulturno Informativni Centar Gospi\u0107","article_publisher":"https:\/\/www.facebook.com\/kicgospic\/","article_published_time":"2017-02-25T18:58:40+00:00","og_image":[{"width":1280,"height":724,"url":"https:\/\/kic-gospic.eu\/novo\/wp-content\/uploads\/2017\/02\/we.jpg","type":"image\/jpeg"}],"author":"Tomisl@v","twitter_card":"summary_large_image","twitter_misc":{"Written by":"Tomisl@v","Est. reading time":"2 minutes"},"schema":{"@context":"https:\/\/schema.org","@graph":[{"@type":"Article","@id":"https:\/\/kic-gospic.eu\/novo\/vikar-crkve-nase-gospe-propovijedi-u-gospickoj-katedrali-biskupiji\/#article","isPartOf":{"@id":"https:\/\/kic-gospic.eu\/novo\/vikar-crkve-nase-gospe-propovijedi-u-gospickoj-katedrali-biskupiji\/"},"author":{"name":"Tomisl@v","@id":"https:\/\/kic-gospic.eu\/novo\/#\/schema\/person\/d22d5cace8e51a6aafca130e52523de5"},"headline":"\u201eVikar crkve Na\u0161e Gospe \u2013 Propovijedi u gospi\u0107koj katedrali i biskupiji\u201c","datePublished":"2017-02-25T18:58:40+00:00","dateModified":"2017-02-25T18:58:40+00:00","mainEntityOfPage":{"@id":"https:\/\/kic-gospic.eu\/novo\/vikar-crkve-nase-gospe-propovijedi-u-gospickoj-katedrali-biskupiji\/"},"wordCount":334,"publisher":{"@id":"https:\/\/kic-gospic.eu\/novo\/#organization"},"articleSection":["KIC"],"inLanguage":"en-US"},{"@type":"WebPage","@id":"https:\/\/kic-gospic.eu\/novo\/vikar-crkve-nase-gospe-propovijedi-u-gospickoj-katedrali-biskupiji\/","url":"https:\/\/kic-gospic.eu\/novo\/vikar-crkve-nase-gospe-propovijedi-u-gospickoj-katedrali-biskupiji\/","name":"\u201eVikar crkve Na\u0161e Gospe \u2013 Propovijedi u gospi\u0107koj katedrali i biskupiji\u201c | Kulturno Informativni Centar Gospi\u0107","isPartOf":{"@id":"https:\/\/kic-gospic.eu\/novo\/#website"},"datePublished":"2017-02-25T18:58:40+00:00","dateModified":"2017-02-25T18:58:40+00:00","breadcrumb":{"@id":"https:\/\/kic-gospic.eu\/novo\/vikar-crkve-nase-gospe-propovijedi-u-gospickoj-katedrali-biskupiji\/#breadcrumb"},"inLanguage":"en-US","potentialAction":[{"@type":"ReadAction","target":["https:\/\/kic-gospic.eu\/novo\/vikar-crkve-nase-gospe-propovijedi-u-gospickoj-katedrali-biskupiji\/"]}]},{"@type":"BreadcrumbList","@id":"https:\/\/kic-gospic.eu\/novo\/vikar-crkve-nase-gospe-propovijedi-u-gospickoj-katedrali-biskupiji\/#breadcrumb","itemListElement":[{"@type":"ListItem","position":1,"name":"Home","item":"https:\/\/kic-gospic.eu\/novo\/"},{"@type":"ListItem","position":2,"name":"\u201eVikar crkve Na\u0161e Gospe \u2013 Propovijedi u gospi\u0107koj katedrali i biskupiji\u201c"}]},{"@type":"WebSite","@id":"https:\/\/kic-gospic.eu\/novo\/#website","url":"https:\/\/kic-gospic.eu\/novo\/","name":"Kulturno Informativni Centar Gospi\u0107","description":"","publisher":{"@id":"https:\/\/kic-gospic.eu\/novo\/#organization"},"potentialAction":[{"@type":"SearchAction","target":{"@type":"EntryPoint","urlTemplate":"https:\/\/kic-gospic.eu\/novo\/?s={search_term_string}"},"query-input":"required name=search_term_string"}],"inLanguage":"en-US"},{"@type":"Organization","@id":"https:\/\/kic-gospic.eu\/novo\/#organization","name":"Kulturno Informativni Centar","url":"https:\/\/kic-gospic.eu\/novo\/","logo":{"@type":"ImageObject","inLanguage":"en-US","@id":"https:\/\/kic-gospic.eu\/novo\/#\/schema\/logo\/image\/","url":"http:\/\/www.kic-gospic.eu\/wp-content\/uploads\/2017\/02\/kic-gospic-logo.jpg","contentUrl":"http:\/\/www.kic-gospic.eu\/wp-content\/uploads\/2017\/02\/kic-gospic-logo.jpg","width":150,"height":150,"caption":"Kulturno Informativni Centar"},"image":{"@id":"https:\/\/kic-gospic.eu\/novo\/#\/schema\/logo\/image\/"},"sameAs":["https:\/\/www.facebook.com\/kicgospic\/"]},{"@type":"Person","@id":"https:\/\/kic-gospic.eu\/novo\/#\/schema\/person\/d22d5cace8e51a6aafca130e52523de5","name":"Tomisl@v","image":{"@type":"ImageObject","inLanguage":"en-US","@id":"https:\/\/kic-gospic.eu\/novo\/#\/schema\/person\/image\/","url":"https:\/\/secure.gravatar.com\/avatar\/523e155093650b18eebcea5314af2693?s=96&d=mm&r=g","contentUrl":"https:\/\/secure.gravatar.com\/avatar\/523e155093650b18eebcea5314af2693?s=96&d=mm&r=g","caption":"Tomisl@v"},"url":"https:\/\/kic-gospic.eu\/novo\/author\/tomislv\/"}]}},"_links":{"self":[{"href":"https:\/\/kic-gospic.eu\/novo\/wp-json\/wp\/v2\/posts\/599"}],"collection":[{"href":"https:\/\/kic-gospic.eu\/novo\/wp-json\/wp\/v2\/posts"}],"about":[{"href":"https:\/\/kic-gospic.eu\/novo\/wp-json\/wp\/v2\/types\/post"}],"author":[{"embeddable":true,"href":"https:\/\/kic-gospic.eu\/novo\/wp-json\/wp\/v2\/users\/2"}],"replies":[{"embeddable":true,"href":"https:\/\/kic-gospic.eu\/novo\/wp-json\/wp\/v2\/comments?post=599"}],"version-history":[{"count":0,"href":"https:\/\/kic-gospic.eu\/novo\/wp-json\/wp\/v2\/posts\/599\/revisions"}],"wp:featuredmedia":[{"embeddable":true,"href":"https:\/\/kic-gospic.eu\/novo\/wp-json\/wp\/v2\/media\/600"}],"wp:attachment":[{"href":"https:\/\/kic-gospic.eu\/novo\/wp-json\/wp\/v2\/media?parent=599"}],"wp:term":[{"taxonomy":"category","embeddable":true,"href":"https:\/\/kic-gospic.eu\/novo\/wp-json\/wp\/v2\/categories?post=599"},{"taxonomy":"post_tag","embeddable":true,"href":"https:\/\/kic-gospic.eu\/novo\/wp-json\/wp\/v2\/tags?post=599"}],"curies":[{"name":"wp","href":"https:\/\/api.w.org\/{rel}","templated":true}]}}