{"id":636,"date":"2017-02-25T19:11:21","date_gmt":"2017-02-25T19:11:21","guid":{"rendered":"http:\/\/www.kic-gospic.eu\/?p=636"},"modified":"2017-02-25T19:11:21","modified_gmt":"2017-02-25T19:11:21","slug":"odrzano-putopisno-predavanje-crna-gora-svijet-u-malom","status":"publish","type":"post","link":"https:\/\/kic-gospic.eu\/novo\/odrzano-putopisno-predavanje-crna-gora-svijet-u-malom\/","title":{"rendered":"ODR\u017dANO PUTOPISNO PREDAVANJE \u201eCrna Gora- Svijet u malom\u201c"},"content":{"rendered":"<p>Sino\u0107 je u KIC-u Gospi\u0107 odr\u017eano putopisno predavanje na temu \u201eCrna Gora \u2013 svijet u\u00a0malom\u201c. O prekrasnoj zemlji s o\u010daravaju\u0107im kontrastom izme\u0111u morske obale i visokih\u00a0planina, gospi\u0107koj publici govorila je prof. Mira Pavlica-Stoj\u010devi\u0107.<\/p>\n<p>Crna Gora, ili Svijet u malom, u posljednje je vrijeme najbr\u017ee rastu\u0107a turisti\u010dka destinacija,\u00a0nazivaju je jo\u0161 i Biserom balkana i najbolje \u010duvanom tajnom Mediterana. Crna Gora grani\u010di s\u00a0Bosnom, Hrvatskom, Srbijom i Albanijom, te ima morsku granicu s Italijom.\u00a0Uz prekrasnu obalu s dugim pje\u0161\u010danim pla\u017eama i skrivenim uvalama, ni\u017eu se stari, povije\u0161\u0107u\u00a0bogati gradovi: Budva, Bar, Ulcinj, Kotor, Herceg Novi, Cetinje, Podgorica, Sveti Stefan i dr.\u00a0Osim jedinstvenog Bokokotorskog zaljeva, koji je jedan od najljep\u0161ih zaljeva na svijetu a\u00a0nazivaju ga i zaljevom hrvatskih svetaca, tu su i zanimljiva mjesta u unutra\u0161njosti. Kotorski\u00a0zaljev i stari grad Kotor su pod za\u0161titom UNESCO-a. Na popisu svjetske ba\u0161tine pod za\u0161titom\u00a0UNESCO-a jo\u0161 su i Nacionalni park Durmitor te kanjon rijeke Tara.\u00a0\u201eVeli\u010danstveni planinski krajolici s netaknutim crnim \u0161umama, \u010distim rijekama i bistrim\u00a0jezerima, raj su za o\u010di sve ve\u0107em broju turista koji rado dolaze u ovaj kutak svijeta.\u201c\u00a0zaklju\u010dila je prof. Pavlica-Stoj\u010devi\u0107.<\/p>\n","protected":false},"excerpt":{"rendered":"<p>Sino\u0107 je u KIC-u Gospi\u0107 odr\u017eano putopisno predavanje na temu \u201eCrna Gora \u2013 svijet u\u00a0malom\u201c. O prekrasnoj zemlji s o\u010daravaju\u0107im kontrastom izme\u0111u morske obale i visokih\u00a0planina, gospi\u0107koj publici govorila je prof. Mira Pavlica-Stoj\u010devi\u0107. Crna Gora, ili Svijet u malom, u posljednje je vrijeme najbr\u017ee rastu\u0107a turisti\u010dka destinacija,\u00a0nazivaju je jo\u0161 i Biserom balkana i najbolje \u010duvanom [&hellip;]<\/p>\n","protected":false},"author":2,"featured_media":637,"comment_status":"closed","ping_status":"closed","sticky":false,"template":"","format":"standard","meta":{"footnotes":""},"categories":[1],"tags":[],"acf":[],"yoast_head":"<!-- This site is optimized with the Yoast SEO plugin v21.5 - https:\/\/yoast.com\/wordpress\/plugins\/seo\/ -->\n<title>ODR\u017dANO PUTOPISNO PREDAVANJE \u201eCrna Gora- Svijet u malom\u201c | Kulturno Informativni Centar Gospi\u0107<\/title>\n<meta name=\"robots\" content=\"index, follow, max-snippet:-1, max-image-preview:large, max-video-preview:-1\" \/>\n<link rel=\"canonical\" href=\"https:\/\/kic-gospic.eu\/novo\/odrzano-putopisno-predavanje-crna-gora-svijet-u-malom\/\" \/>\n<meta property=\"og:locale\" content=\"en_US\" \/>\n<meta property=\"og:type\" content=\"article\" \/>\n<meta property=\"og:title\" content=\"ODR\u017dANO PUTOPISNO PREDAVANJE \u201eCrna Gora- Svijet u malom\u201c | Kulturno Informativni Centar Gospi\u0107\" \/>\n<meta property=\"og:description\" content=\"Sino\u0107 je u KIC-u Gospi\u0107 odr\u017eano putopisno predavanje na temu \u201eCrna Gora \u2013 svijet u\u00a0malom\u201c. O prekrasnoj zemlji s o\u010daravaju\u0107im kontrastom izme\u0111u morske obale i visokih\u00a0planina, gospi\u0107koj publici govorila je prof. Mira Pavlica-Stoj\u010devi\u0107. Crna Gora, ili Svijet u malom, u posljednje je vrijeme najbr\u017ee rastu\u0107a turisti\u010dka destinacija,\u00a0nazivaju je jo\u0161 i Biserom balkana i najbolje \u010duvanom [&hellip;]\" \/>\n<meta property=\"og:url\" content=\"https:\/\/kic-gospic.eu\/novo\/odrzano-putopisno-predavanje-crna-gora-svijet-u-malom\/\" \/>\n<meta property=\"og:site_name\" content=\"Kulturno Informativni Centar Gospi\u0107\" \/>\n<meta property=\"article:publisher\" content=\"https:\/\/www.facebook.com\/kicgospic\/\" \/>\n<meta property=\"article:published_time\" content=\"2017-02-25T19:11:21+00:00\" \/>\n<meta property=\"og:image\" content=\"https:\/\/kic-gospic.eu\/novo\/wp-content\/uploads\/2017\/02\/PA060044.jpg\" \/>\n\t<meta property=\"og:image:width\" content=\"2560\" \/>\n\t<meta property=\"og:image:height\" content=\"1920\" \/>\n\t<meta property=\"og:image:type\" content=\"image\/jpeg\" \/>\n<meta name=\"author\" content=\"Tomisl@v\" \/>\n<meta name=\"twitter:card\" content=\"summary_large_image\" \/>\n<meta name=\"twitter:label1\" content=\"Written by\" \/>\n\t<meta name=\"twitter:data1\" content=\"Tomisl@v\" \/>\n\t<meta name=\"twitter:label2\" content=\"Est. reading time\" \/>\n\t<meta name=\"twitter:data2\" content=\"1 minute\" \/>\n<script type=\"application\/ld+json\" class=\"yoast-schema-graph\">{\"@context\":\"https:\/\/schema.org\",\"@graph\":[{\"@type\":\"Article\",\"@id\":\"https:\/\/kic-gospic.eu\/novo\/odrzano-putopisno-predavanje-crna-gora-svijet-u-malom\/#article\",\"isPartOf\":{\"@id\":\"https:\/\/kic-gospic.eu\/novo\/odrzano-putopisno-predavanje-crna-gora-svijet-u-malom\/\"},\"author\":{\"name\":\"Tomisl@v\",\"@id\":\"https:\/\/kic-gospic.eu\/novo\/#\/schema\/person\/d22d5cace8e51a6aafca130e52523de5\"},\"headline\":\"ODR\u017dANO PUTOPISNO PREDAVANJE \u201eCrna Gora- Svijet u malom\u201c\",\"datePublished\":\"2017-02-25T19:11:21+00:00\",\"dateModified\":\"2017-02-25T19:11:21+00:00\",\"mainEntityOfPage\":{\"@id\":\"https:\/\/kic-gospic.eu\/novo\/odrzano-putopisno-predavanje-crna-gora-svijet-u-malom\/\"},\"wordCount\":219,\"publisher\":{\"@id\":\"https:\/\/kic-gospic.eu\/novo\/#organization\"},\"articleSection\":[\"KIC\"],\"inLanguage\":\"en-US\"},{\"@type\":\"WebPage\",\"@id\":\"https:\/\/kic-gospic.eu\/novo\/odrzano-putopisno-predavanje-crna-gora-svijet-u-malom\/\",\"url\":\"https:\/\/kic-gospic.eu\/novo\/odrzano-putopisno-predavanje-crna-gora-svijet-u-malom\/\",\"name\":\"ODR\u017dANO PUTOPISNO PREDAVANJE \u201eCrna Gora- Svijet u malom\u201c | Kulturno Informativni Centar Gospi\u0107\",\"isPartOf\":{\"@id\":\"https:\/\/kic-gospic.eu\/novo\/#website\"},\"datePublished\":\"2017-02-25T19:11:21+00:00\",\"dateModified\":\"2017-02-25T19:11:21+00:00\",\"breadcrumb\":{\"@id\":\"https:\/\/kic-gospic.eu\/novo\/odrzano-putopisno-predavanje-crna-gora-svijet-u-malom\/#breadcrumb\"},\"inLanguage\":\"en-US\",\"potentialAction\":[{\"@type\":\"ReadAction\",\"target\":[\"https:\/\/kic-gospic.eu\/novo\/odrzano-putopisno-predavanje-crna-gora-svijet-u-malom\/\"]}]},{\"@type\":\"BreadcrumbList\",\"@id\":\"https:\/\/kic-gospic.eu\/novo\/odrzano-putopisno-predavanje-crna-gora-svijet-u-malom\/#breadcrumb\",\"itemListElement\":[{\"@type\":\"ListItem\",\"position\":1,\"name\":\"Home\",\"item\":\"https:\/\/kic-gospic.eu\/novo\/\"},{\"@type\":\"ListItem\",\"position\":2,\"name\":\"ODR\u017dANO PUTOPISNO PREDAVANJE \u201eCrna Gora- Svijet u malom\u201c\"}]},{\"@type\":\"WebSite\",\"@id\":\"https:\/\/kic-gospic.eu\/novo\/#website\",\"url\":\"https:\/\/kic-gospic.eu\/novo\/\",\"name\":\"Kulturno Informativni Centar Gospi\u0107\",\"description\":\"\",\"publisher\":{\"@id\":\"https:\/\/kic-gospic.eu\/novo\/#organization\"},\"potentialAction\":[{\"@type\":\"SearchAction\",\"target\":{\"@type\":\"EntryPoint\",\"urlTemplate\":\"https:\/\/kic-gospic.eu\/novo\/?s={search_term_string}\"},\"query-input\":\"required name=search_term_string\"}],\"inLanguage\":\"en-US\"},{\"@type\":\"Organization\",\"@id\":\"https:\/\/kic-gospic.eu\/novo\/#organization\",\"name\":\"Kulturno Informativni Centar\",\"url\":\"https:\/\/kic-gospic.eu\/novo\/\",\"logo\":{\"@type\":\"ImageObject\",\"inLanguage\":\"en-US\",\"@id\":\"https:\/\/kic-gospic.eu\/novo\/#\/schema\/logo\/image\/\",\"url\":\"http:\/\/www.kic-gospic.eu\/wp-content\/uploads\/2017\/02\/kic-gospic-logo.jpg\",\"contentUrl\":\"http:\/\/www.kic-gospic.eu\/wp-content\/uploads\/2017\/02\/kic-gospic-logo.jpg\",\"width\":150,\"height\":150,\"caption\":\"Kulturno Informativni Centar\"},\"image\":{\"@id\":\"https:\/\/kic-gospic.eu\/novo\/#\/schema\/logo\/image\/\"},\"sameAs\":[\"https:\/\/www.facebook.com\/kicgospic\/\"]},{\"@type\":\"Person\",\"@id\":\"https:\/\/kic-gospic.eu\/novo\/#\/schema\/person\/d22d5cace8e51a6aafca130e52523de5\",\"name\":\"Tomisl@v\",\"image\":{\"@type\":\"ImageObject\",\"inLanguage\":\"en-US\",\"@id\":\"https:\/\/kic-gospic.eu\/novo\/#\/schema\/person\/image\/\",\"url\":\"https:\/\/secure.gravatar.com\/avatar\/523e155093650b18eebcea5314af2693?s=96&d=mm&r=g\",\"contentUrl\":\"https:\/\/secure.gravatar.com\/avatar\/523e155093650b18eebcea5314af2693?s=96&d=mm&r=g\",\"caption\":\"Tomisl@v\"},\"url\":\"https:\/\/kic-gospic.eu\/novo\/author\/tomislv\/\"}]}<\/script>\n<!-- \/ Yoast SEO plugin. -->","yoast_head_json":{"title":"ODR\u017dANO PUTOPISNO PREDAVANJE \u201eCrna Gora- Svijet u malom\u201c | Kulturno Informativni Centar Gospi\u0107","robots":{"index":"index","follow":"follow","max-snippet":"max-snippet:-1","max-image-preview":"max-image-preview:large","max-video-preview":"max-video-preview:-1"},"canonical":"https:\/\/kic-gospic.eu\/novo\/odrzano-putopisno-predavanje-crna-gora-svijet-u-malom\/","og_locale":"en_US","og_type":"article","og_title":"ODR\u017dANO PUTOPISNO PREDAVANJE \u201eCrna Gora- Svijet u malom\u201c | Kulturno Informativni Centar Gospi\u0107","og_description":"Sino\u0107 je u KIC-u Gospi\u0107 odr\u017eano putopisno predavanje na temu \u201eCrna Gora \u2013 svijet u\u00a0malom\u201c. O prekrasnoj zemlji s o\u010daravaju\u0107im kontrastom izme\u0111u morske obale i visokih\u00a0planina, gospi\u0107koj publici govorila je prof. Mira Pavlica-Stoj\u010devi\u0107. Crna Gora, ili Svijet u malom, u posljednje je vrijeme najbr\u017ee rastu\u0107a turisti\u010dka destinacija,\u00a0nazivaju je jo\u0161 i Biserom balkana i najbolje \u010duvanom [&hellip;]","og_url":"https:\/\/kic-gospic.eu\/novo\/odrzano-putopisno-predavanje-crna-gora-svijet-u-malom\/","og_site_name":"Kulturno Informativni Centar Gospi\u0107","article_publisher":"https:\/\/www.facebook.com\/kicgospic\/","article_published_time":"2017-02-25T19:11:21+00:00","og_image":[{"width":2560,"height":1920,"url":"https:\/\/kic-gospic.eu\/novo\/wp-content\/uploads\/2017\/02\/PA060044.jpg","type":"image\/jpeg"}],"author":"Tomisl@v","twitter_card":"summary_large_image","twitter_misc":{"Written by":"Tomisl@v","Est. reading time":"1 minute"},"schema":{"@context":"https:\/\/schema.org","@graph":[{"@type":"Article","@id":"https:\/\/kic-gospic.eu\/novo\/odrzano-putopisno-predavanje-crna-gora-svijet-u-malom\/#article","isPartOf":{"@id":"https:\/\/kic-gospic.eu\/novo\/odrzano-putopisno-predavanje-crna-gora-svijet-u-malom\/"},"author":{"name":"Tomisl@v","@id":"https:\/\/kic-gospic.eu\/novo\/#\/schema\/person\/d22d5cace8e51a6aafca130e52523de5"},"headline":"ODR\u017dANO PUTOPISNO PREDAVANJE \u201eCrna Gora- Svijet u malom\u201c","datePublished":"2017-02-25T19:11:21+00:00","dateModified":"2017-02-25T19:11:21+00:00","mainEntityOfPage":{"@id":"https:\/\/kic-gospic.eu\/novo\/odrzano-putopisno-predavanje-crna-gora-svijet-u-malom\/"},"wordCount":219,"publisher":{"@id":"https:\/\/kic-gospic.eu\/novo\/#organization"},"articleSection":["KIC"],"inLanguage":"en-US"},{"@type":"WebPage","@id":"https:\/\/kic-gospic.eu\/novo\/odrzano-putopisno-predavanje-crna-gora-svijet-u-malom\/","url":"https:\/\/kic-gospic.eu\/novo\/odrzano-putopisno-predavanje-crna-gora-svijet-u-malom\/","name":"ODR\u017dANO PUTOPISNO PREDAVANJE \u201eCrna Gora- Svijet u malom\u201c | Kulturno Informativni Centar Gospi\u0107","isPartOf":{"@id":"https:\/\/kic-gospic.eu\/novo\/#website"},"datePublished":"2017-02-25T19:11:21+00:00","dateModified":"2017-02-25T19:11:21+00:00","breadcrumb":{"@id":"https:\/\/kic-gospic.eu\/novo\/odrzano-putopisno-predavanje-crna-gora-svijet-u-malom\/#breadcrumb"},"inLanguage":"en-US","potentialAction":[{"@type":"ReadAction","target":["https:\/\/kic-gospic.eu\/novo\/odrzano-putopisno-predavanje-crna-gora-svijet-u-malom\/"]}]},{"@type":"BreadcrumbList","@id":"https:\/\/kic-gospic.eu\/novo\/odrzano-putopisno-predavanje-crna-gora-svijet-u-malom\/#breadcrumb","itemListElement":[{"@type":"ListItem","position":1,"name":"Home","item":"https:\/\/kic-gospic.eu\/novo\/"},{"@type":"ListItem","position":2,"name":"ODR\u017dANO PUTOPISNO PREDAVANJE \u201eCrna Gora- Svijet u malom\u201c"}]},{"@type":"WebSite","@id":"https:\/\/kic-gospic.eu\/novo\/#website","url":"https:\/\/kic-gospic.eu\/novo\/","name":"Kulturno Informativni Centar Gospi\u0107","description":"","publisher":{"@id":"https:\/\/kic-gospic.eu\/novo\/#organization"},"potentialAction":[{"@type":"SearchAction","target":{"@type":"EntryPoint","urlTemplate":"https:\/\/kic-gospic.eu\/novo\/?s={search_term_string}"},"query-input":"required name=search_term_string"}],"inLanguage":"en-US"},{"@type":"Organization","@id":"https:\/\/kic-gospic.eu\/novo\/#organization","name":"Kulturno Informativni Centar","url":"https:\/\/kic-gospic.eu\/novo\/","logo":{"@type":"ImageObject","inLanguage":"en-US","@id":"https:\/\/kic-gospic.eu\/novo\/#\/schema\/logo\/image\/","url":"http:\/\/www.kic-gospic.eu\/wp-content\/uploads\/2017\/02\/kic-gospic-logo.jpg","contentUrl":"http:\/\/www.kic-gospic.eu\/wp-content\/uploads\/2017\/02\/kic-gospic-logo.jpg","width":150,"height":150,"caption":"Kulturno Informativni Centar"},"image":{"@id":"https:\/\/kic-gospic.eu\/novo\/#\/schema\/logo\/image\/"},"sameAs":["https:\/\/www.facebook.com\/kicgospic\/"]},{"@type":"Person","@id":"https:\/\/kic-gospic.eu\/novo\/#\/schema\/person\/d22d5cace8e51a6aafca130e52523de5","name":"Tomisl@v","image":{"@type":"ImageObject","inLanguage":"en-US","@id":"https:\/\/kic-gospic.eu\/novo\/#\/schema\/person\/image\/","url":"https:\/\/secure.gravatar.com\/avatar\/523e155093650b18eebcea5314af2693?s=96&d=mm&r=g","contentUrl":"https:\/\/secure.gravatar.com\/avatar\/523e155093650b18eebcea5314af2693?s=96&d=mm&r=g","caption":"Tomisl@v"},"url":"https:\/\/kic-gospic.eu\/novo\/author\/tomislv\/"}]}},"_links":{"self":[{"href":"https:\/\/kic-gospic.eu\/novo\/wp-json\/wp\/v2\/posts\/636"}],"collection":[{"href":"https:\/\/kic-gospic.eu\/novo\/wp-json\/wp\/v2\/posts"}],"about":[{"href":"https:\/\/kic-gospic.eu\/novo\/wp-json\/wp\/v2\/types\/post"}],"author":[{"embeddable":true,"href":"https:\/\/kic-gospic.eu\/novo\/wp-json\/wp\/v2\/users\/2"}],"replies":[{"embeddable":true,"href":"https:\/\/kic-gospic.eu\/novo\/wp-json\/wp\/v2\/comments?post=636"}],"version-history":[{"count":0,"href":"https:\/\/kic-gospic.eu\/novo\/wp-json\/wp\/v2\/posts\/636\/revisions"}],"wp:featuredmedia":[{"embeddable":true,"href":"https:\/\/kic-gospic.eu\/novo\/wp-json\/wp\/v2\/media\/637"}],"wp:attachment":[{"href":"https:\/\/kic-gospic.eu\/novo\/wp-json\/wp\/v2\/media?parent=636"}],"wp:term":[{"taxonomy":"category","embeddable":true,"href":"https:\/\/kic-gospic.eu\/novo\/wp-json\/wp\/v2\/categories?post=636"},{"taxonomy":"post_tag","embeddable":true,"href":"https:\/\/kic-gospic.eu\/novo\/wp-json\/wp\/v2\/tags?post=636"}],"curies":[{"name":"wp","href":"https:\/\/api.w.org\/{rel}","templated":true}]}}