{"id":666,"date":"2017-02-25T19:22:35","date_gmt":"2017-02-25T19:22:35","guid":{"rendered":"http:\/\/www.kic-gospic.eu\/?p=666"},"modified":"2017-02-25T19:22:35","modified_gmt":"2017-02-25T19:22:35","slug":"svjetski-dan-plesa-go-dance","status":"publish","type":"post","link":"https:\/\/kic-gospic.eu\/novo\/svjetski-dan-plesa-go-dance\/","title":{"rendered":"SVJETSKI DAN PLESA \u201eGO out and DANCE\u201c"},"content":{"rendered":"<p>U organizaciji KIC-a Gospi\u0107, Osnovne \u0161kole dr. Jure Turi\u0107 Gospi\u0107, Osnovne \u0161kole dr. Ante Star\u010devi\u0107 Pazari\u0161te Klanac, Zumba atomic Gospi\u0107 i Dru\u0161tvom \u201eNa\u0161a djeca\u201c Grada Gospi\u0107a te u suradnji sa Plesnim centrom TALA (Zg) u okviru projekta \u201eGO out and DANCE\u201c obilje\u017een je , ju\u010der 29. travnja 2016. godine, Svjetski dan plesa u Gospi\u0107u.<\/p>\n<p>U holu O\u0160 \u201edr. Jure Turi\u0107\u201c zaplesali su Plesna skupina \u201eZumba atomic\u201c iz Gospi\u0107a, Folklorna skupina \u201eVelebit\u201c, Plesna skupina \u201eRitmix\u201c, dok su iz O\u0160 \u201edr. Jure Turi\u0107\u201c nastupile plesne skupine \u201e4C\u201c i \u201e3C\u201c, kao i Folklorna skupina \u201eDegenija\u201c.<br \/>\nSve se okon\u010dalo \u010ditanjem svjetske i hrvatske plesne poruke i pu\u0161tanjem balona kao zajedni\u010dkom porukom povodom ovoga dana. Na ovaj se na\u010din Gospi\u0107 uklju\u010dio u dru\u0161tvo gradova svijeta kao jo\u0161 jedan hrvatski grad koji je postao dio globalnog svjetskog projekta obilje\u017eavanja Svjetskog dana plesa.<\/p>\n","protected":false},"excerpt":{"rendered":"<p>U organizaciji KIC-a Gospi\u0107, Osnovne \u0161kole dr. Jure Turi\u0107 Gospi\u0107, Osnovne \u0161kole dr. Ante Star\u010devi\u0107 Pazari\u0161te Klanac, Zumba atomic Gospi\u0107 i Dru\u0161tvom \u201eNa\u0161a djeca\u201c Grada Gospi\u0107a te u suradnji sa Plesnim centrom TALA (Zg) u okviru projekta \u201eGO out and DANCE\u201c obilje\u017een je , ju\u010der 29. travnja 2016. godine, Svjetski dan plesa u Gospi\u0107u. U [&hellip;]<\/p>\n","protected":false},"author":2,"featured_media":667,"comment_status":"closed","ping_status":"closed","sticky":false,"template":"","format":"standard","meta":{"footnotes":""},"categories":[1],"tags":[],"acf":[],"yoast_head":"<!-- This site is optimized with the Yoast SEO plugin v21.5 - https:\/\/yoast.com\/wordpress\/plugins\/seo\/ -->\n<title>SVJETSKI DAN PLESA \u201eGO out and DANCE\u201c | Kulturno Informativni Centar Gospi\u0107<\/title>\n<meta name=\"robots\" content=\"index, follow, max-snippet:-1, max-image-preview:large, max-video-preview:-1\" \/>\n<link rel=\"canonical\" href=\"https:\/\/kic-gospic.eu\/novo\/svjetski-dan-plesa-go-dance\/\" \/>\n<meta property=\"og:locale\" content=\"en_US\" \/>\n<meta property=\"og:type\" content=\"article\" \/>\n<meta property=\"og:title\" content=\"SVJETSKI DAN PLESA \u201eGO out and DANCE\u201c | Kulturno Informativni Centar Gospi\u0107\" \/>\n<meta property=\"og:description\" content=\"U organizaciji KIC-a Gospi\u0107, Osnovne \u0161kole dr. Jure Turi\u0107 Gospi\u0107, Osnovne \u0161kole dr. Ante Star\u010devi\u0107 Pazari\u0161te Klanac, Zumba atomic Gospi\u0107 i Dru\u0161tvom \u201eNa\u0161a djeca\u201c Grada Gospi\u0107a te u suradnji sa Plesnim centrom TALA (Zg) u okviru projekta \u201eGO out and DANCE\u201c obilje\u017een je , ju\u010der 29. travnja 2016. godine, Svjetski dan plesa u Gospi\u0107u. U [&hellip;]\" \/>\n<meta property=\"og:url\" content=\"https:\/\/kic-gospic.eu\/novo\/svjetski-dan-plesa-go-dance\/\" \/>\n<meta property=\"og:site_name\" content=\"Kulturno Informativni Centar Gospi\u0107\" \/>\n<meta property=\"article:publisher\" content=\"https:\/\/www.facebook.com\/kicgospic\/\" \/>\n<meta property=\"article:published_time\" content=\"2017-02-25T19:22:35+00:00\" \/>\n<meta property=\"og:image\" content=\"https:\/\/kic-gospic.eu\/novo\/wp-content\/uploads\/2017\/02\/13115788_10154118061631354_1907371723_n-631x420.jpg\" \/>\n\t<meta property=\"og:image:width\" content=\"631\" \/>\n\t<meta property=\"og:image:height\" content=\"420\" \/>\n\t<meta property=\"og:image:type\" content=\"image\/jpeg\" \/>\n<meta name=\"author\" content=\"Tomisl@v\" \/>\n<meta name=\"twitter:card\" content=\"summary_large_image\" \/>\n<meta name=\"twitter:label1\" content=\"Written by\" \/>\n\t<meta name=\"twitter:data1\" content=\"Tomisl@v\" \/>\n\t<meta name=\"twitter:label2\" content=\"Est. reading time\" \/>\n\t<meta name=\"twitter:data2\" content=\"1 minute\" \/>\n<script type=\"application\/ld+json\" class=\"yoast-schema-graph\">{\"@context\":\"https:\/\/schema.org\",\"@graph\":[{\"@type\":\"Article\",\"@id\":\"https:\/\/kic-gospic.eu\/novo\/svjetski-dan-plesa-go-dance\/#article\",\"isPartOf\":{\"@id\":\"https:\/\/kic-gospic.eu\/novo\/svjetski-dan-plesa-go-dance\/\"},\"author\":{\"name\":\"Tomisl@v\",\"@id\":\"https:\/\/kic-gospic.eu\/novo\/#\/schema\/person\/d22d5cace8e51a6aafca130e52523de5\"},\"headline\":\"SVJETSKI DAN PLESA \u201eGO out and DANCE\u201c\",\"datePublished\":\"2017-02-25T19:22:35+00:00\",\"dateModified\":\"2017-02-25T19:22:35+00:00\",\"mainEntityOfPage\":{\"@id\":\"https:\/\/kic-gospic.eu\/novo\/svjetski-dan-plesa-go-dance\/\"},\"wordCount\":156,\"publisher\":{\"@id\":\"https:\/\/kic-gospic.eu\/novo\/#organization\"},\"articleSection\":[\"KIC\"],\"inLanguage\":\"en-US\"},{\"@type\":\"WebPage\",\"@id\":\"https:\/\/kic-gospic.eu\/novo\/svjetski-dan-plesa-go-dance\/\",\"url\":\"https:\/\/kic-gospic.eu\/novo\/svjetski-dan-plesa-go-dance\/\",\"name\":\"SVJETSKI DAN PLESA \u201eGO out and DANCE\u201c | Kulturno Informativni Centar Gospi\u0107\",\"isPartOf\":{\"@id\":\"https:\/\/kic-gospic.eu\/novo\/#website\"},\"datePublished\":\"2017-02-25T19:22:35+00:00\",\"dateModified\":\"2017-02-25T19:22:35+00:00\",\"breadcrumb\":{\"@id\":\"https:\/\/kic-gospic.eu\/novo\/svjetski-dan-plesa-go-dance\/#breadcrumb\"},\"inLanguage\":\"en-US\",\"potentialAction\":[{\"@type\":\"ReadAction\",\"target\":[\"https:\/\/kic-gospic.eu\/novo\/svjetski-dan-plesa-go-dance\/\"]}]},{\"@type\":\"BreadcrumbList\",\"@id\":\"https:\/\/kic-gospic.eu\/novo\/svjetski-dan-plesa-go-dance\/#breadcrumb\",\"itemListElement\":[{\"@type\":\"ListItem\",\"position\":1,\"name\":\"Home\",\"item\":\"https:\/\/kic-gospic.eu\/novo\/\"},{\"@type\":\"ListItem\",\"position\":2,\"name\":\"SVJETSKI DAN PLESA \u201eGO out and DANCE\u201c\"}]},{\"@type\":\"WebSite\",\"@id\":\"https:\/\/kic-gospic.eu\/novo\/#website\",\"url\":\"https:\/\/kic-gospic.eu\/novo\/\",\"name\":\"Kulturno Informativni Centar Gospi\u0107\",\"description\":\"\",\"publisher\":{\"@id\":\"https:\/\/kic-gospic.eu\/novo\/#organization\"},\"potentialAction\":[{\"@type\":\"SearchAction\",\"target\":{\"@type\":\"EntryPoint\",\"urlTemplate\":\"https:\/\/kic-gospic.eu\/novo\/?s={search_term_string}\"},\"query-input\":\"required name=search_term_string\"}],\"inLanguage\":\"en-US\"},{\"@type\":\"Organization\",\"@id\":\"https:\/\/kic-gospic.eu\/novo\/#organization\",\"name\":\"Kulturno Informativni Centar\",\"url\":\"https:\/\/kic-gospic.eu\/novo\/\",\"logo\":{\"@type\":\"ImageObject\",\"inLanguage\":\"en-US\",\"@id\":\"https:\/\/kic-gospic.eu\/novo\/#\/schema\/logo\/image\/\",\"url\":\"http:\/\/www.kic-gospic.eu\/wp-content\/uploads\/2017\/02\/kic-gospic-logo.jpg\",\"contentUrl\":\"http:\/\/www.kic-gospic.eu\/wp-content\/uploads\/2017\/02\/kic-gospic-logo.jpg\",\"width\":150,\"height\":150,\"caption\":\"Kulturno Informativni Centar\"},\"image\":{\"@id\":\"https:\/\/kic-gospic.eu\/novo\/#\/schema\/logo\/image\/\"},\"sameAs\":[\"https:\/\/www.facebook.com\/kicgospic\/\"]},{\"@type\":\"Person\",\"@id\":\"https:\/\/kic-gospic.eu\/novo\/#\/schema\/person\/d22d5cace8e51a6aafca130e52523de5\",\"name\":\"Tomisl@v\",\"image\":{\"@type\":\"ImageObject\",\"inLanguage\":\"en-US\",\"@id\":\"https:\/\/kic-gospic.eu\/novo\/#\/schema\/person\/image\/\",\"url\":\"https:\/\/secure.gravatar.com\/avatar\/523e155093650b18eebcea5314af2693?s=96&d=mm&r=g\",\"contentUrl\":\"https:\/\/secure.gravatar.com\/avatar\/523e155093650b18eebcea5314af2693?s=96&d=mm&r=g\",\"caption\":\"Tomisl@v\"},\"url\":\"https:\/\/kic-gospic.eu\/novo\/author\/tomislv\/\"}]}<\/script>\n<!-- \/ Yoast SEO plugin. -->","yoast_head_json":{"title":"SVJETSKI DAN PLESA \u201eGO out and DANCE\u201c | Kulturno Informativni Centar Gospi\u0107","robots":{"index":"index","follow":"follow","max-snippet":"max-snippet:-1","max-image-preview":"max-image-preview:large","max-video-preview":"max-video-preview:-1"},"canonical":"https:\/\/kic-gospic.eu\/novo\/svjetski-dan-plesa-go-dance\/","og_locale":"en_US","og_type":"article","og_title":"SVJETSKI DAN PLESA \u201eGO out and DANCE\u201c | Kulturno Informativni Centar Gospi\u0107","og_description":"U organizaciji KIC-a Gospi\u0107, Osnovne \u0161kole dr. Jure Turi\u0107 Gospi\u0107, Osnovne \u0161kole dr. Ante Star\u010devi\u0107 Pazari\u0161te Klanac, Zumba atomic Gospi\u0107 i Dru\u0161tvom \u201eNa\u0161a djeca\u201c Grada Gospi\u0107a te u suradnji sa Plesnim centrom TALA (Zg) u okviru projekta \u201eGO out and DANCE\u201c obilje\u017een je , ju\u010der 29. travnja 2016. godine, Svjetski dan plesa u Gospi\u0107u. U [&hellip;]","og_url":"https:\/\/kic-gospic.eu\/novo\/svjetski-dan-plesa-go-dance\/","og_site_name":"Kulturno Informativni Centar Gospi\u0107","article_publisher":"https:\/\/www.facebook.com\/kicgospic\/","article_published_time":"2017-02-25T19:22:35+00:00","og_image":[{"width":631,"height":420,"url":"https:\/\/kic-gospic.eu\/novo\/wp-content\/uploads\/2017\/02\/13115788_10154118061631354_1907371723_n-631x420.jpg","type":"image\/jpeg"}],"author":"Tomisl@v","twitter_card":"summary_large_image","twitter_misc":{"Written by":"Tomisl@v","Est. reading time":"1 minute"},"schema":{"@context":"https:\/\/schema.org","@graph":[{"@type":"Article","@id":"https:\/\/kic-gospic.eu\/novo\/svjetski-dan-plesa-go-dance\/#article","isPartOf":{"@id":"https:\/\/kic-gospic.eu\/novo\/svjetski-dan-plesa-go-dance\/"},"author":{"name":"Tomisl@v","@id":"https:\/\/kic-gospic.eu\/novo\/#\/schema\/person\/d22d5cace8e51a6aafca130e52523de5"},"headline":"SVJETSKI DAN PLESA \u201eGO out and DANCE\u201c","datePublished":"2017-02-25T19:22:35+00:00","dateModified":"2017-02-25T19:22:35+00:00","mainEntityOfPage":{"@id":"https:\/\/kic-gospic.eu\/novo\/svjetski-dan-plesa-go-dance\/"},"wordCount":156,"publisher":{"@id":"https:\/\/kic-gospic.eu\/novo\/#organization"},"articleSection":["KIC"],"inLanguage":"en-US"},{"@type":"WebPage","@id":"https:\/\/kic-gospic.eu\/novo\/svjetski-dan-plesa-go-dance\/","url":"https:\/\/kic-gospic.eu\/novo\/svjetski-dan-plesa-go-dance\/","name":"SVJETSKI DAN PLESA \u201eGO out and DANCE\u201c | Kulturno Informativni Centar Gospi\u0107","isPartOf":{"@id":"https:\/\/kic-gospic.eu\/novo\/#website"},"datePublished":"2017-02-25T19:22:35+00:00","dateModified":"2017-02-25T19:22:35+00:00","breadcrumb":{"@id":"https:\/\/kic-gospic.eu\/novo\/svjetski-dan-plesa-go-dance\/#breadcrumb"},"inLanguage":"en-US","potentialAction":[{"@type":"ReadAction","target":["https:\/\/kic-gospic.eu\/novo\/svjetski-dan-plesa-go-dance\/"]}]},{"@type":"BreadcrumbList","@id":"https:\/\/kic-gospic.eu\/novo\/svjetski-dan-plesa-go-dance\/#breadcrumb","itemListElement":[{"@type":"ListItem","position":1,"name":"Home","item":"https:\/\/kic-gospic.eu\/novo\/"},{"@type":"ListItem","position":2,"name":"SVJETSKI DAN PLESA \u201eGO out and DANCE\u201c"}]},{"@type":"WebSite","@id":"https:\/\/kic-gospic.eu\/novo\/#website","url":"https:\/\/kic-gospic.eu\/novo\/","name":"Kulturno Informativni Centar Gospi\u0107","description":"","publisher":{"@id":"https:\/\/kic-gospic.eu\/novo\/#organization"},"potentialAction":[{"@type":"SearchAction","target":{"@type":"EntryPoint","urlTemplate":"https:\/\/kic-gospic.eu\/novo\/?s={search_term_string}"},"query-input":"required name=search_term_string"}],"inLanguage":"en-US"},{"@type":"Organization","@id":"https:\/\/kic-gospic.eu\/novo\/#organization","name":"Kulturno Informativni Centar","url":"https:\/\/kic-gospic.eu\/novo\/","logo":{"@type":"ImageObject","inLanguage":"en-US","@id":"https:\/\/kic-gospic.eu\/novo\/#\/schema\/logo\/image\/","url":"http:\/\/www.kic-gospic.eu\/wp-content\/uploads\/2017\/02\/kic-gospic-logo.jpg","contentUrl":"http:\/\/www.kic-gospic.eu\/wp-content\/uploads\/2017\/02\/kic-gospic-logo.jpg","width":150,"height":150,"caption":"Kulturno Informativni Centar"},"image":{"@id":"https:\/\/kic-gospic.eu\/novo\/#\/schema\/logo\/image\/"},"sameAs":["https:\/\/www.facebook.com\/kicgospic\/"]},{"@type":"Person","@id":"https:\/\/kic-gospic.eu\/novo\/#\/schema\/person\/d22d5cace8e51a6aafca130e52523de5","name":"Tomisl@v","image":{"@type":"ImageObject","inLanguage":"en-US","@id":"https:\/\/kic-gospic.eu\/novo\/#\/schema\/person\/image\/","url":"https:\/\/secure.gravatar.com\/avatar\/523e155093650b18eebcea5314af2693?s=96&d=mm&r=g","contentUrl":"https:\/\/secure.gravatar.com\/avatar\/523e155093650b18eebcea5314af2693?s=96&d=mm&r=g","caption":"Tomisl@v"},"url":"https:\/\/kic-gospic.eu\/novo\/author\/tomislv\/"}]}},"_links":{"self":[{"href":"https:\/\/kic-gospic.eu\/novo\/wp-json\/wp\/v2\/posts\/666"}],"collection":[{"href":"https:\/\/kic-gospic.eu\/novo\/wp-json\/wp\/v2\/posts"}],"about":[{"href":"https:\/\/kic-gospic.eu\/novo\/wp-json\/wp\/v2\/types\/post"}],"author":[{"embeddable":true,"href":"https:\/\/kic-gospic.eu\/novo\/wp-json\/wp\/v2\/users\/2"}],"replies":[{"embeddable":true,"href":"https:\/\/kic-gospic.eu\/novo\/wp-json\/wp\/v2\/comments?post=666"}],"version-history":[{"count":0,"href":"https:\/\/kic-gospic.eu\/novo\/wp-json\/wp\/v2\/posts\/666\/revisions"}],"wp:featuredmedia":[{"embeddable":true,"href":"https:\/\/kic-gospic.eu\/novo\/wp-json\/wp\/v2\/media\/667"}],"wp:attachment":[{"href":"https:\/\/kic-gospic.eu\/novo\/wp-json\/wp\/v2\/media?parent=666"}],"wp:term":[{"taxonomy":"category","embeddable":true,"href":"https:\/\/kic-gospic.eu\/novo\/wp-json\/wp\/v2\/categories?post=666"},{"taxonomy":"post_tag","embeddable":true,"href":"https:\/\/kic-gospic.eu\/novo\/wp-json\/wp\/v2\/tags?post=666"}],"curies":[{"name":"wp","href":"https:\/\/api.w.org\/{rel}","templated":true}]}}